{"id":16057,"date":"2023-07-28T16:36:58","date_gmt":"2023-07-28T22:36:58","guid":{"rendered":"https:\/\/gobernacionaltaverapaz.gob.gt\/?p=16057"},"modified":"2023-08-04T10:15:03","modified_gmt":"2023-08-04T16:15:03","slug":"firma-de-convenio-de-ejecucion-de-obra-entre-el-codede-y-la-municipalidad-de-santa-cruz-a-v","status":"publish","type":"post","link":"https:\/\/gobernacionaltaverapaz.gob.gt\/?p=16057","title":{"rendered":"Firma de convenio de ejecuci\u00f3n de obra entre el CODEDE y la Municipalidad de Santa Cruz, A.V."},"content":{"rendered":"<p style=\"text-align: justify;\"><a href=\"https:\/\/www.facebook.com\/hashtag\/altaverapaz?__eep__=6&amp;__cft__[0]=AZVlzpSLdRkDGshhzQ835haOACAWfZQ_Iq-_sy_rw6UQT-ynLH8oQJ--nJBqlWMwDvAKGHMhEwruQdxiKMKUtdTwnfVm7fRXBrtscYdMCKOKygRYmPpnu3ecbzqhFlF71UuaMcyJY7FclD7EDjANqRaaaw1FU-XdixQpXoghoSJfUtqB48UrYUuj8ADkFvxGvY8&amp;__tn__=*NK-R\" target=\"_blank\" rel=\"noopener\">#AltaVerapaz<\/a><\/p>\n<p style=\"text-align: justify;\">Con el objetivo de llevar\u00a0 desarrollo al Departamento, la Sra. Gobernadora de Alta Verapaz, llev\u00f3 a cabo el acto de la firma de convenio de ejecuci\u00f3n de obra entre el Consejo Departamental de Desarrollo y la Municipalidad de Santa Cruz, Alta Verapaz.<\/p>\n<p style=\"text-align: justify;\">Convenio que permitir\u00e1 la ejecuci\u00f3n en este a\u00f1o del\u00a0 proyecto:<\/p>\n<ul>\n<li style=\"text-align: justify;\">Construcci\u00f3n Escuela Primaria Oficial Rural Mixta, Aldea Najquitob, Santa Cruz Verapaz.<\/li>\n<\/ul>\n<p><a href=\"https:\/\/www.facebook.com\/codede.av?__cft__[0]=AZVlzpSLdRkDGshhzQ835haOACAWfZQ_Iq-_sy_rw6UQT-ynLH8oQJ--nJBqlWMwDvAKGHMhEwruQdxiKMKUtdTwnfVm7fRXBrtscYdMCKOKygRYmPpnu3ecbzqhFlF71UuaMcyJY7FclD7EDjANqRaaaw1FU-XdixQpXoghoSJfUtqB48UrYUuj8ADkFvxGvY8&amp;__tn__=-]K-R\" target=\"_blank\" rel=\"noopener\">Codede AV<\/a>\u00a0\u00a0 <a href=\"https:\/\/www.facebook.com\/SantaCruzVerapazAV?__cft__[0]=AZVlzpSLdRkDGshhzQ835haOACAWfZQ_Iq-_sy_rw6UQT-ynLH8oQJ--nJBqlWMwDvAKGHMhEwruQdxiKMKUtdTwnfVm7fRXBrtscYdMCKOKygRYmPpnu3ecbzqhFlF71UuaMcyJY7FclD7EDjANqRaaaw1FU-XdixQpXoghoSJfUtqB48UrYUuj8ADkFvxGvY8&amp;__tn__=-]K-R\" target=\"_blank\" rel=\"noopener\">Muni Santa Cruz Verapaz<\/a><\/p>\n<p><a href=\"https:\/\/www.facebook.com\/hashtag\/elgobdelosguatemaltecos?__eep__=6&amp;__cft__[0]=AZVlzpSLdRkDGshhzQ835haOACAWfZQ_Iq-_sy_rw6UQT-ynLH8oQJ--nJBqlWMwDvAKGHMhEwruQdxiKMKUtdTwnfVm7fRXBrtscYdMCKOKygRYmPpnu3ecbzqhFlF71UuaMcyJY7FclD7EDjANqRaaaw1FU-XdixQpXoghoSJfUtqB48UrYUuj8ADkFvxGvY8&amp;__tn__=*NK-R\" target=\"_blank\" rel=\"noopener\">#ElGobDeLosGuatemaltecos<\/a><\/p>\n<div><\/div>\n","protected":false},"excerpt":{"rendered":"<p>#AltaVerapaz Con el objetivo de llevar\u00a0 desarrollo al Departamento, la Sra. Gobernadora de Alta Verapaz, llev\u00f3 a cabo el acto de la firma de convenio de ejecuci\u00f3n de obra entre el Consejo Departamental de Desarrollo y la Municipalidad de Santa Cruz, Alta Verapaz. Convenio que permitir\u00e1 la ejecuci\u00f3n en este a\u00f1o del\u00a0 proyecto: Construcci\u00f3n Escuela [&hellip;]<\/p>\n","protected":false},"author":1,"featured_media":16060,"comment_status":"closed","ping_status":"open","sticky":false,"template":"","format":"standard","meta":[],"categories":[183],"tags":[178],"_links":{"self":[{"href":"https:\/\/gobernacionaltaverapaz.gob.gt\/index.php?rest_route=\/wp\/v2\/posts\/16057"}],"collection":[{"href":"https:\/\/gobernacionaltaverapaz.gob.gt\/index.php?rest_route=\/wp\/v2\/posts"}],"about":[{"href":"https:\/\/gobernacionaltaverapaz.gob.gt\/index.php?rest_route=\/wp\/v2\/types\/post"}],"author":[{"embeddable":true,"href":"https:\/\/gobernacionaltaverapaz.gob.gt\/index.php?rest_route=\/wp\/v2\/users\/1"}],"replies":[{"embeddable":true,"href":"https:\/\/gobernacionaltaverapaz.gob.gt\/index.php?rest_route=%2Fwp%2Fv2%2Fcomments&post=16057"}],"version-history":[{"count":3,"href":"https:\/\/gobernacionaltaverapaz.gob.gt\/index.php?rest_route=\/wp\/v2\/posts\/16057\/revisions"}],"predecessor-version":[{"id":16063,"href":"https:\/\/gobernacionaltaverapaz.gob.gt\/index.php?rest_route=\/wp\/v2\/posts\/16057\/revisions\/16063"}],"wp:featuredmedia":[{"embeddable":true,"href":"https:\/\/gobernacionaltaverapaz.gob.gt\/index.php?rest_route=\/wp\/v2\/media\/16060"}],"wp:attachment":[{"href":"https:\/\/gobernacionaltaverapaz.gob.gt\/index.php?rest_route=%2Fwp%2Fv2%2Fmedia&parent=16057"}],"wp:term":[{"taxonomy":"category","embeddable":true,"href":"https:\/\/gobernacionaltaverapaz.gob.gt\/index.php?rest_route=%2Fwp%2Fv2%2Fcategories&post=16057"},{"taxonomy":"post_tag","embeddable":true,"href":"https:\/\/gobernacionaltaverapaz.gob.gt\/index.php?rest_route=%2Fwp%2Fv2%2Ftags&post=16057"}],"curies":[{"name":"wp","href":"https:\/\/api.w.org\/{rel}","templated":true}]}}