{"id":16064,"date":"2023-08-01T10:07:20","date_gmt":"2023-08-01T16:07:20","guid":{"rendered":"https:\/\/gobernacionaltaverapaz.gob.gt\/?p=16064"},"modified":"2023-08-04T10:48:16","modified_gmt":"2023-08-04T16:48:16","slug":"sra-gobernadora-presente-en-el-desfile-inaugural-de-la-feria-patronal-de-coban-a-v","status":"publish","type":"post","link":"https:\/\/gobernacionaltaverapaz.gob.gt\/?p=16064","title":{"rendered":"Sra. Gobernadora presente en el Desfile Inaugural de la Feria Patronal de Cob\u00e1n, A.V."},"content":{"rendered":"<p><a href=\"https:\/\/www.facebook.com\/GobernacionAV\/videos\/1001769194350337\" target=\"_blank\" rel=\"noopener\"><img decoding=\"async\" loading=\"lazy\" class=\"alignnone size-full wp-image-16068\" src=\"https:\/\/gobernacionaltaverapaz.gob.gt\/wp-content\/uploads\/2023\/08\/001-62.jpg\" alt=\"\" width=\"900\" height=\"600\" srcset=\"https:\/\/gobernacionaltaverapaz.gob.gt\/wp-content\/uploads\/2023\/08\/001-62.jpg 900w, https:\/\/gobernacionaltaverapaz.gob.gt\/wp-content\/uploads\/2023\/08\/001-62-300x200.jpg 300w, https:\/\/gobernacionaltaverapaz.gob.gt\/wp-content\/uploads\/2023\/08\/001-62-768x512.jpg 768w\" sizes=\"(max-width: 900px) 100vw, 900px\" \/><\/a><\/p>\n<p style=\"text-align: justify;\"><a href=\"https:\/\/www.facebook.com\/hashtag\/altaverapaz?__eep__=6&amp;__cft__[0]=AZVxOdOmVH7VaCyknlMW_pdKWss16VVvjYrbj00B6J2emWlRPsgryDhBtwG80jizIJBv8xys5FKBggOYZVDG6hFz8Pfm3oi4_LQ6nSkRQ-urgSHO3tn6tUykgpnQZxEW3yraxBuHLHP9uhSSr5XxW0Q6Qsa_W3AMNmsKjZrKqsO58OQXTzoSjEx_QA9dLrVUV98&amp;__tn__=*NK-R\" target=\"_blank\" rel=\"noopener\">#AltaVerapaz<\/a><br \/>\nLa Sra. Gobernadora Departamental de Alta Verapaz particip\u00f3 en el Desfile inaugural de la 87va. Feria Patronal de Cob\u00e1n en Honor al Patrono Santo Domingo de Guzm\u00e1n.<\/p>\n<div><\/div>\n","protected":false},"excerpt":{"rendered":"<p>#AltaVerapaz La Sra. Gobernadora Departamental de Alta Verapaz particip\u00f3 en el Desfile inaugural de la 87va. Feria Patronal de Cob\u00e1n en Honor al Patrono Santo Domingo de Guzm\u00e1n.<\/p>\n","protected":false},"author":1,"featured_media":16069,"comment_status":"closed","ping_status":"open","sticky":false,"template":"","format":"video","meta":[],"categories":[183],"tags":[178],"_links":{"self":[{"href":"https:\/\/gobernacionaltaverapaz.gob.gt\/index.php?rest_route=\/wp\/v2\/posts\/16064"}],"collection":[{"href":"https:\/\/gobernacionaltaverapaz.gob.gt\/index.php?rest_route=\/wp\/v2\/posts"}],"about":[{"href":"https:\/\/gobernacionaltaverapaz.gob.gt\/index.php?rest_route=\/wp\/v2\/types\/post"}],"author":[{"embeddable":true,"href":"https:\/\/gobernacionaltaverapaz.gob.gt\/index.php?rest_route=\/wp\/v2\/users\/1"}],"replies":[{"embeddable":true,"href":"https:\/\/gobernacionaltaverapaz.gob.gt\/index.php?rest_route=%2Fwp%2Fv2%2Fcomments&post=16064"}],"version-history":[{"count":4,"href":"https:\/\/gobernacionaltaverapaz.gob.gt\/index.php?rest_route=\/wp\/v2\/posts\/16064\/revisions"}],"predecessor-version":[{"id":16083,"href":"https:\/\/gobernacionaltaverapaz.gob.gt\/index.php?rest_route=\/wp\/v2\/posts\/16064\/revisions\/16083"}],"wp:featuredmedia":[{"embeddable":true,"href":"https:\/\/gobernacionaltaverapaz.gob.gt\/index.php?rest_route=\/wp\/v2\/media\/16069"}],"wp:attachment":[{"href":"https:\/\/gobernacionaltaverapaz.gob.gt\/index.php?rest_route=%2Fwp%2Fv2%2Fmedia&parent=16064"}],"wp:term":[{"taxonomy":"category","embeddable":true,"href":"https:\/\/gobernacionaltaverapaz.gob.gt\/index.php?rest_route=%2Fwp%2Fv2%2Fcategories&post=16064"},{"taxonomy":"post_tag","embeddable":true,"href":"https:\/\/gobernacionaltaverapaz.gob.gt\/index.php?rest_route=%2Fwp%2Fv2%2Ftags&post=16064"}],"curies":[{"name":"wp","href":"https:\/\/api.w.org\/{rel}","templated":true}]}}