{"id":16085,"date":"2023-08-01T16:01:32","date_gmt":"2023-08-01T22:01:32","guid":{"rendered":"https:\/\/gobernacionaltaverapaz.gob.gt\/?p=16085"},"modified":"2023-08-04T11:43:15","modified_gmt":"2023-08-04T17:43:15","slug":"actividad-en-el-marco-del-dia-mundial-contra-la-trata-de-personas","status":"publish","type":"post","link":"https:\/\/gobernacionaltaverapaz.gob.gt\/?p=16085","title":{"rendered":"Actividad en el marco del D\u00eda Mundial Contra La Trata de Personas"},"content":{"rendered":"<p style=\"text-align: justify;\"><a href=\"https:\/\/www.facebook.com\/hashtag\/guatecrece?__eep__=6&amp;__cft__[0]=AZWlFUnTcOpttdCG6duCLaS_Mo1lODAbAiRT8KJHZFQ4EYe4yxZl1Xd9n_hQO_rps-Z2mLe_BbP-mldXjGdpiLXxIq_fZyzCZEztFNHq1J5PAEZG6uvF9R2Xs02AHJ1_bmEI1_G6HeAnGqRRLg5HHxNrFPwou4Uo9A_9F60SFsZhbG0Id6zQ2DNlmhtfCLkg3wo-mTSHr6XaFzoVbpZ6OjoU&amp;__tn__=*NK-y-R\" target=\"_blank\" rel=\"noopener\">#GuateCrece<\/a> | El Departamento de Unidad de G\u00e9nero del <a href=\"https:\/\/www.facebook.com\/mingobguate?__cft__[0]=AZWlFUnTcOpttdCG6duCLaS_Mo1lODAbAiRT8KJHZFQ4EYe4yxZl1Xd9n_hQO_rps-Z2mLe_BbP-mldXjGdpiLXxIq_fZyzCZEztFNHq1J5PAEZG6uvF9R2Xs02AHJ1_bmEI1_G6HeAnGqRRLg5HHxNrFPwou4Uo9A_9F60SFsZhbG0Id6zQ2DNlmhtfCLkg3wo-mTSHr6XaFzoVbpZ6OjoU&amp;__tn__=-]K-y-R\" target=\"_blank\" rel=\"noopener\">Ministerio de Gobernaci\u00f3n Guatemala<\/a> en coordinaci\u00f3n con otras unidades llevaron a cabo una actividad en el marco del <a href=\"https:\/\/www.facebook.com\/hashtag\/diamundialcontralatratadepersonas?__eep__=6&amp;__cft__[0]=AZWlFUnTcOpttdCG6duCLaS_Mo1lODAbAiRT8KJHZFQ4EYe4yxZl1Xd9n_hQO_rps-Z2mLe_BbP-mldXjGdpiLXxIq_fZyzCZEztFNHq1J5PAEZG6uvF9R2Xs02AHJ1_bmEI1_G6HeAnGqRRLg5HHxNrFPwou4Uo9A_9F60SFsZhbG0Id6zQ2DNlmhtfCLkg3wo-mTSHr6XaFzoVbpZ6OjoU&amp;__tn__=*NK-y-R\" target=\"_blank\" rel=\"noopener\">#DiaMundialContraLaTrataDePersonas<\/a>.<\/p>\n<p style=\"text-align: justify;\"><a href=\"https:\/\/www.facebook.com\/hashtag\/accionesquetransforman?__eep__=6&amp;__cft__[0]=AZWlFUnTcOpttdCG6duCLaS_Mo1lODAbAiRT8KJHZFQ4EYe4yxZl1Xd9n_hQO_rps-Z2mLe_BbP-mldXjGdpiLXxIq_fZyzCZEztFNHq1J5PAEZG6uvF9R2Xs02AHJ1_bmEI1_G6HeAnGqRRLg5HHxNrFPwou4Uo9A_9F60SFsZhbG0Id6zQ2DNlmhtfCLkg3wo-mTSHr6XaFzoVbpZ6OjoU&amp;__tn__=*NK-y-R\" target=\"_blank\" rel=\"noopener\">#AccionesQueTransforman<\/a><\/p>\n","protected":false},"excerpt":{"rendered":"<p>#GuateCrece | El Departamento de Unidad de G\u00e9nero del Ministerio de Gobernaci\u00f3n Guatemala en coordinaci\u00f3n con otras unidades llevaron a cabo una actividad en el marco del #DiaMundialContraLaTrataDePersonas. #AccionesQueTransforman<\/p>\n","protected":false},"author":1,"featured_media":16086,"comment_status":"closed","ping_status":"open","sticky":false,"template":"","format":"standard","meta":[],"categories":[183,199,197],"tags":[178],"_links":{"self":[{"href":"https:\/\/gobernacionaltaverapaz.gob.gt\/index.php?rest_route=\/wp\/v2\/posts\/16085"}],"collection":[{"href":"https:\/\/gobernacionaltaverapaz.gob.gt\/index.php?rest_route=\/wp\/v2\/posts"}],"about":[{"href":"https:\/\/gobernacionaltaverapaz.gob.gt\/index.php?rest_route=\/wp\/v2\/types\/post"}],"author":[{"embeddable":true,"href":"https:\/\/gobernacionaltaverapaz.gob.gt\/index.php?rest_route=\/wp\/v2\/users\/1"}],"replies":[{"embeddable":true,"href":"https:\/\/gobernacionaltaverapaz.gob.gt\/index.php?rest_route=%2Fwp%2Fv2%2Fcomments&post=16085"}],"version-history":[{"count":2,"href":"https:\/\/gobernacionaltaverapaz.gob.gt\/index.php?rest_route=\/wp\/v2\/posts\/16085\/revisions"}],"predecessor-version":[{"id":16088,"href":"https:\/\/gobernacionaltaverapaz.gob.gt\/index.php?rest_route=\/wp\/v2\/posts\/16085\/revisions\/16088"}],"wp:featuredmedia":[{"embeddable":true,"href":"https:\/\/gobernacionaltaverapaz.gob.gt\/index.php?rest_route=\/wp\/v2\/media\/16086"}],"wp:attachment":[{"href":"https:\/\/gobernacionaltaverapaz.gob.gt\/index.php?rest_route=%2Fwp%2Fv2%2Fmedia&parent=16085"}],"wp:term":[{"taxonomy":"category","embeddable":true,"href":"https:\/\/gobernacionaltaverapaz.gob.gt\/index.php?rest_route=%2Fwp%2Fv2%2Fcategories&post=16085"},{"taxonomy":"post_tag","embeddable":true,"href":"https:\/\/gobernacionaltaverapaz.gob.gt\/index.php?rest_route=%2Fwp%2Fv2%2Ftags&post=16085"}],"curies":[{"name":"wp","href":"https:\/\/api.w.org\/{rel}","templated":true}]}}