{"id":16118,"date":"2023-08-02T13:00:24","date_gmt":"2023-08-02T19:00:24","guid":{"rendered":"https:\/\/gobernacionaltaverapaz.gob.gt\/?p=16118"},"modified":"2023-08-04T13:00:34","modified_gmt":"2023-08-04T19:00:34","slug":"sra-gobernadora-departamental-de-a-v-realizo-acto-de-presencia-y-participacion-en-el-desfile-de-la-asociacion-de-colegios-privados-de-alta-verapaz-acpav","status":"publish","type":"post","link":"https:\/\/gobernacionaltaverapaz.gob.gt\/?p=16118","title":{"rendered":"Sra. Gobernadora Departamental de A.V. realiz\u00f3 acto de presencia y participaci\u00f3n en el Desfile de la Asociaci\u00f3n de Colegios Privados de Alta Verapaz ACPAV"},"content":{"rendered":"<p><a href=\"https:\/\/www.facebook.com\/hashtag\/altaverapaz?__eep__=6&amp;__cft__[0]=AZX8PzaAnYm92dRlPuzmGlH3_d6l8zXbZRTpzpx_ORekaALv_SHfwbWhP5ZOSzBmIi0VHmuKZfY-T-Y-6ML-HemJODxosNYK3U-L6vB9Eo3xnhGqDHjGcPO5azi61_c-wkqVljaA3Nwf7h1oOMzpQCdh0DHC9oFMQ12E4oZL0up1Q7pTAPMuI8pnMvrCIzNRnh0&amp;__tn__=*NK-R\" target=\"_blank\" rel=\"noopener\">#AltaVerapaz<\/a><\/p>\n<p style=\"text-align: justify;\">El d\u00eda de hoy la Sra. Gobernadora Departamental de Alta Verapaz realiz\u00f3 acto de presencia y participaci\u00f3n en el Desfile de la Asociaci\u00f3n de Colegios Privados de Alta Verapaz <strong>ACPAV<\/strong><\/p>\n<div><\/div>\n","protected":false},"excerpt":{"rendered":"<p>#AltaVerapaz El d\u00eda de hoy la Sra. Gobernadora Departamental de Alta Verapaz realiz\u00f3 acto de presencia y participaci\u00f3n en el Desfile de la Asociaci\u00f3n de Colegios Privados de Alta Verapaz ACPAV<\/p>\n","protected":false},"author":1,"featured_media":16121,"comment_status":"closed","ping_status":"open","sticky":false,"template":"","format":"gallery","meta":[],"categories":[2],"tags":[178],"_links":{"self":[{"href":"https:\/\/gobernacionaltaverapaz.gob.gt\/index.php?rest_route=\/wp\/v2\/posts\/16118"}],"collection":[{"href":"https:\/\/gobernacionaltaverapaz.gob.gt\/index.php?rest_route=\/wp\/v2\/posts"}],"about":[{"href":"https:\/\/gobernacionaltaverapaz.gob.gt\/index.php?rest_route=\/wp\/v2\/types\/post"}],"author":[{"embeddable":true,"href":"https:\/\/gobernacionaltaverapaz.gob.gt\/index.php?rest_route=\/wp\/v2\/users\/1"}],"replies":[{"embeddable":true,"href":"https:\/\/gobernacionaltaverapaz.gob.gt\/index.php?rest_route=%2Fwp%2Fv2%2Fcomments&post=16118"}],"version-history":[{"count":3,"href":"https:\/\/gobernacionaltaverapaz.gob.gt\/index.php?rest_route=\/wp\/v2\/posts\/16118\/revisions"}],"predecessor-version":[{"id":16127,"href":"https:\/\/gobernacionaltaverapaz.gob.gt\/index.php?rest_route=\/wp\/v2\/posts\/16118\/revisions\/16127"}],"wp:featuredmedia":[{"embeddable":true,"href":"https:\/\/gobernacionaltaverapaz.gob.gt\/index.php?rest_route=\/wp\/v2\/media\/16121"}],"wp:attachment":[{"href":"https:\/\/gobernacionaltaverapaz.gob.gt\/index.php?rest_route=%2Fwp%2Fv2%2Fmedia&parent=16118"}],"wp:term":[{"taxonomy":"category","embeddable":true,"href":"https:\/\/gobernacionaltaverapaz.gob.gt\/index.php?rest_route=%2Fwp%2Fv2%2Fcategories&post=16118"},{"taxonomy":"post_tag","embeddable":true,"href":"https:\/\/gobernacionaltaverapaz.gob.gt\/index.php?rest_route=%2Fwp%2Fv2%2Ftags&post=16118"}],"curies":[{"name":"wp","href":"https:\/\/api.w.org\/{rel}","templated":true}]}}