{"id":16128,"date":"2023-08-02T15:23:27","date_gmt":"2023-08-02T21:23:27","guid":{"rendered":"https:\/\/gobernacionaltaverapaz.gob.gt\/?p=16128"},"modified":"2023-08-04T14:40:17","modified_gmt":"2023-08-04T20:40:17","slug":"sra-gobernadora-departamental-de-a-v-se-reunio-con-los-representantes-de-las-diferentes-instituciones-entre-ellas-maga-mides-sesan-conred","status":"publish","type":"post","link":"https:\/\/gobernacionaltaverapaz.gob.gt\/?p=16128","title":{"rendered":"Sra. Gobernadora de A.V. se reuni\u00f3 con los representantes de las diferentes instituciones MAGA, MIDES, SESAN, CONRED"},"content":{"rendered":"<p style=\"text-align: justify;\"><a href=\"https:\/\/www.facebook.com\/hashtag\/altaverapaz?__eep__=6&amp;__cft__[0]=AZXUY9qLZiV1m4_m2HOjbPCA7VovdHfjaqLA5Sp719E059IqpcWNEyihopAm1dgGTG7cIpBoB6BPqrkjAPkV-RszNHhNxQAYgfNkfeLdW_ZEDGrCQh60NnJJ9VIwuKCu4GtF6tXYmfbWSBuLWFUeNAG-tiGetYEWdosv1HOQWXfRIH3gSCs6tvLVYdcyEVdVI_k&amp;__tn__=*NK-R\" target=\"_blank\" rel=\"noopener\">#AltaVerapaz<\/a><\/p>\n<p style=\"text-align: justify;\">El d\u00eda de hoy la Sra. Gobernadora Departamental de Alta Verapaz se reuni\u00f3 con los representantes de las diferentes instituciones entre ellas <strong>MAGA<\/strong>, <strong>MIDES<\/strong>, <strong>SESAN<\/strong>, <strong>CONRED<\/strong>, entre otras; en seguimiento a la alerta naranja declarada por el gobierno nacional de reducci\u00f3n de desastres y la activaci\u00f3n de funci\u00f3n\u00a0 IV el cual consiste en la Gesti\u00f3n de Asistencia Alimentaria del Plan Nacional de Respuesta.<br \/>\nDicha reuni\u00f3n se tuvo con el objetivo para determinar lineamientos a la gesti\u00f3n de Asistencia Alimentaria como emergencia espec\u00edficamente por p\u00e9rdida de cultivos provocados por el fen\u00f3meno del ni\u00f1o.<\/p>\n<p style=\"text-align: justify;\"><a href=\"https:\/\/www.facebook.com\/hashtag\/elgobdelosguatemaltecos?__eep__=6&amp;__cft__[0]=AZXUY9qLZiV1m4_m2HOjbPCA7VovdHfjaqLA5Sp719E059IqpcWNEyihopAm1dgGTG7cIpBoB6BPqrkjAPkV-RszNHhNxQAYgfNkfeLdW_ZEDGrCQh60NnJJ9VIwuKCu4GtF6tXYmfbWSBuLWFUeNAG-tiGetYEWdosv1HOQWXfRIH3gSCs6tvLVYdcyEVdVI_k&amp;__tn__=*NK-R\" target=\"_blank\" rel=\"noopener\">#ElGobDeLosGuatemaltecos<\/a><\/p>\n<div><\/div>\n","protected":false},"excerpt":{"rendered":"<p>Con el objetivo para determinar lineamientos a la gesti\u00f3n de Asistencia Alimentaria como emergencia espec\u00edficamente por p\u00e9rdida de cultivos provocados por el fen\u00f3meno del ni\u00f1o.<\/p>\n","protected":false},"author":1,"featured_media":16129,"comment_status":"closed","ping_status":"open","sticky":false,"template":"","format":"gallery","meta":[],"categories":[6,5,202],"tags":[178],"_links":{"self":[{"href":"https:\/\/gobernacionaltaverapaz.gob.gt\/index.php?rest_route=\/wp\/v2\/posts\/16128"}],"collection":[{"href":"https:\/\/gobernacionaltaverapaz.gob.gt\/index.php?rest_route=\/wp\/v2\/posts"}],"about":[{"href":"https:\/\/gobernacionaltaverapaz.gob.gt\/index.php?rest_route=\/wp\/v2\/types\/post"}],"author":[{"embeddable":true,"href":"https:\/\/gobernacionaltaverapaz.gob.gt\/index.php?rest_route=\/wp\/v2\/users\/1"}],"replies":[{"embeddable":true,"href":"https:\/\/gobernacionaltaverapaz.gob.gt\/index.php?rest_route=%2Fwp%2Fv2%2Fcomments&post=16128"}],"version-history":[{"count":7,"href":"https:\/\/gobernacionaltaverapaz.gob.gt\/index.php?rest_route=\/wp\/v2\/posts\/16128\/revisions"}],"predecessor-version":[{"id":16140,"href":"https:\/\/gobernacionaltaverapaz.gob.gt\/index.php?rest_route=\/wp\/v2\/posts\/16128\/revisions\/16140"}],"wp:featuredmedia":[{"embeddable":true,"href":"https:\/\/gobernacionaltaverapaz.gob.gt\/index.php?rest_route=\/wp\/v2\/media\/16129"}],"wp:attachment":[{"href":"https:\/\/gobernacionaltaverapaz.gob.gt\/index.php?rest_route=%2Fwp%2Fv2%2Fmedia&parent=16128"}],"wp:term":[{"taxonomy":"category","embeddable":true,"href":"https:\/\/gobernacionaltaverapaz.gob.gt\/index.php?rest_route=%2Fwp%2Fv2%2Fcategories&post=16128"},{"taxonomy":"post_tag","embeddable":true,"href":"https:\/\/gobernacionaltaverapaz.gob.gt\/index.php?rest_route=%2Fwp%2Fv2%2Ftags&post=16128"}],"curies":[{"name":"wp","href":"https:\/\/api.w.org\/{rel}","templated":true}]}}