{"id":16146,"date":"2023-08-02T20:53:19","date_gmt":"2023-08-03T02:53:19","guid":{"rendered":"https:\/\/gobernacionaltaverapaz.gob.gt\/?p=16146"},"modified":"2023-08-04T15:09:04","modified_gmt":"2023-08-04T21:09:04","slug":"reporte-nacional-17","status":"publish","type":"post","link":"https:\/\/gobernacionaltaverapaz.gob.gt\/?p=16146","title":{"rendered":"Reporte Nacional"},"content":{"rendered":"<p style=\"text-align: justify;\"><a href=\"https:\/\/www.facebook.com\/guatemalagob\/videos\/1451318312271120\/\" target=\"_blank\" rel=\"noopener\"><img decoding=\"async\" loading=\"lazy\" class=\"alignnone wp-image-16148 size-full\" title=\"Ver video\" src=\"https:\/\/gobernacionaltaverapaz.gob.gt\/wp-content\/uploads\/2023\/08\/002-67.jpg\" alt=\"\" width=\"900\" height=\"600\" srcset=\"https:\/\/gobernacionaltaverapaz.gob.gt\/wp-content\/uploads\/2023\/08\/002-67.jpg 900w, https:\/\/gobernacionaltaverapaz.gob.gt\/wp-content\/uploads\/2023\/08\/002-67-300x200.jpg 300w, https:\/\/gobernacionaltaverapaz.gob.gt\/wp-content\/uploads\/2023\/08\/002-67-768x512.jpg 768w\" sizes=\"(max-width: 900px) 100vw, 900px\" \/><\/a><\/p>\n<p style=\"text-align: justify;\"><a href=\"https:\/\/www.facebook.com\/hashtag\/reportenacional?__eep__=6&amp;__cft__[0]=AZUKEv17z-nwL4UoszOWDItrfmv78_p1XdY0SafASb50tcuAhtn3eUTX_0ZSveS-Q093CZSSDaFWBXDidPtkZqUgbay6FknVHgSuY77StcExvlJ3RirgrE1A6IRUuSWuvFBxITTnUvREnEPoJ7IAXJXDFfFX8sUGg_wCPPFW8hbOLWX-SzQPanS_rgT7P9vT6wT-kRqMfvOJ0F44vhFXj7Si&amp;__tn__=*NK-y-R\" target=\"_blank\" rel=\"noopener\">#ReporteNacional<\/a> | 02 de agosto de 2023<\/p>\n<ul>\n<li style=\"text-align: justify;\">Presidente <a href=\"https:\/\/www.facebook.com\/AlejandroGiammattei?__cft__[0]=AZUKEv17z-nwL4UoszOWDItrfmv78_p1XdY0SafASb50tcuAhtn3eUTX_0ZSveS-Q093CZSSDaFWBXDidPtkZqUgbay6FknVHgSuY77StcExvlJ3RirgrE1A6IRUuSWuvFBxITTnUvREnEPoJ7IAXJXDFfFX8sUGg_wCPPFW8hbOLWX-SzQPanS_rgT7P9vT6wT-kRqMfvOJ0F44vhFXj7Si&amp;__tn__=-]K-y-R\" target=\"_blank\" rel=\"noopener\">Alejandro Giammattei<\/a> ordena priorizar la eficiencia en el gasto p\u00fablico<\/li>\n<li style=\"text-align: justify;\">Inicia la 5ta entrega de <a href=\"https:\/\/www.facebook.com\/hashtag\/alimentaci%C3%B3nescolar?__eep__=6&amp;__cft__[0]=AZUKEv17z-nwL4UoszOWDItrfmv78_p1XdY0SafASb50tcuAhtn3eUTX_0ZSveS-Q093CZSSDaFWBXDidPtkZqUgbay6FknVHgSuY77StcExvlJ3RirgrE1A6IRUuSWuvFBxITTnUvREnEPoJ7IAXJXDFfFX8sUGg_wCPPFW8hbOLWX-SzQPanS_rgT7P9vT6wT-kRqMfvOJ0F44vhFXj7Si&amp;__tn__=*NK-y-R\" target=\"_blank\" rel=\"noopener\">#Alimentaci\u00f3nEscolar<\/a><\/li>\n<li style=\"text-align: justify;\"><a href=\"https:\/\/www.facebook.com\/MineducGuate?__cft__[0]=AZUKEv17z-nwL4UoszOWDItrfmv78_p1XdY0SafASb50tcuAhtn3eUTX_0ZSveS-Q093CZSSDaFWBXDidPtkZqUgbay6FknVHgSuY77StcExvlJ3RirgrE1A6IRUuSWuvFBxITTnUvREnEPoJ7IAXJXDFfFX8sUGg_wCPPFW8hbOLWX-SzQPanS_rgT7P9vT6wT-kRqMfvOJ0F44vhFXj7Si&amp;__tn__=-]K-y-R\" target=\"_blank\" rel=\"noopener\">Ministerio de Educaci\u00f3n de Guatemala (P\u00e1gina Oficial)<\/a> suministra equipo de c\u00f3mputo a centro educativo<\/li>\n<li style=\"text-align: justify;\">M\u00e1s de 20 entidades expresan su apoyo al <a href=\"https:\/\/www.facebook.com\/hashtag\/reglamento164?__eep__=6&amp;__cft__[0]=AZUKEv17z-nwL4UoszOWDItrfmv78_p1XdY0SafASb50tcuAhtn3eUTX_0ZSveS-Q093CZSSDaFWBXDidPtkZqUgbay6FknVHgSuY77StcExvlJ3RirgrE1A6IRUuSWuvFBxITTnUvREnEPoJ7IAXJXDFfFX8sUGg_wCPPFW8hbOLWX-SzQPanS_rgT7P9vT6wT-kRqMfvOJ0F44vhFXj7Si&amp;__tn__=*NK-y-R\" target=\"_blank\" rel=\"noopener\">#Reglamento164<\/a><\/li>\n<\/ul>\n","protected":false},"excerpt":{"rendered":"<p>#ReporteNacional | 02 de agosto de 2023 Presidente Alejandro Giammattei ordena priorizar la eficiencia en el gasto p\u00fablico Inicia la 5ta entrega de #Alimentaci\u00f3nEscolar Ministerio de Educaci\u00f3n de Guatemala (P\u00e1gina Oficial) suministra equipo de c\u00f3mputo a centro educativo M\u00e1s de 20 entidades expresan su apoyo al #Reglamento164<\/p>\n","protected":false},"author":1,"featured_media":16147,"comment_status":"closed","ping_status":"open","sticky":false,"template":"","format":"video","meta":[],"categories":[205,199],"tags":[178],"_links":{"self":[{"href":"https:\/\/gobernacionaltaverapaz.gob.gt\/index.php?rest_route=\/wp\/v2\/posts\/16146"}],"collection":[{"href":"https:\/\/gobernacionaltaverapaz.gob.gt\/index.php?rest_route=\/wp\/v2\/posts"}],"about":[{"href":"https:\/\/gobernacionaltaverapaz.gob.gt\/index.php?rest_route=\/wp\/v2\/types\/post"}],"author":[{"embeddable":true,"href":"https:\/\/gobernacionaltaverapaz.gob.gt\/index.php?rest_route=\/wp\/v2\/users\/1"}],"replies":[{"embeddable":true,"href":"https:\/\/gobernacionaltaverapaz.gob.gt\/index.php?rest_route=%2Fwp%2Fv2%2Fcomments&post=16146"}],"version-history":[{"count":3,"href":"https:\/\/gobernacionaltaverapaz.gob.gt\/index.php?rest_route=\/wp\/v2\/posts\/16146\/revisions"}],"predecessor-version":[{"id":16151,"href":"https:\/\/gobernacionaltaverapaz.gob.gt\/index.php?rest_route=\/wp\/v2\/posts\/16146\/revisions\/16151"}],"wp:featuredmedia":[{"embeddable":true,"href":"https:\/\/gobernacionaltaverapaz.gob.gt\/index.php?rest_route=\/wp\/v2\/media\/16147"}],"wp:attachment":[{"href":"https:\/\/gobernacionaltaverapaz.gob.gt\/index.php?rest_route=%2Fwp%2Fv2%2Fmedia&parent=16146"}],"wp:term":[{"taxonomy":"category","embeddable":true,"href":"https:\/\/gobernacionaltaverapaz.gob.gt\/index.php?rest_route=%2Fwp%2Fv2%2Fcategories&post=16146"},{"taxonomy":"post_tag","embeddable":true,"href":"https:\/\/gobernacionaltaverapaz.gob.gt\/index.php?rest_route=%2Fwp%2Fv2%2Ftags&post=16146"}],"curies":[{"name":"wp","href":"https:\/\/api.w.org\/{rel}","templated":true}]}}