{"id":16152,"date":"2023-08-03T10:22:27","date_gmt":"2023-08-03T16:22:27","guid":{"rendered":"https:\/\/gobernacionaltaverapaz.gob.gt\/?p=16152"},"modified":"2023-08-04T15:21:19","modified_gmt":"2023-08-04T21:21:19","slug":"reunion-para-coordinar-acciones-al-beneficio-de-la-poblacion-cahabonera-en-el-ambito-de-medio-ambiente","status":"publish","type":"post","link":"https:\/\/gobernacionaltaverapaz.gob.gt\/?p=16152","title":{"rendered":"Reuni\u00f3n para coordinar acciones al beneficio de la poblaci\u00f3n cahabonera en el \u00e1mbito de medio ambiente"},"content":{"rendered":"<p style=\"text-align: justify;\"><a href=\"https:\/\/www.facebook.com\/hashtag\/altaverapaz?__eep__=6&amp;__cft__[0]=AZWW8NfCJ0kz92mHD4dgPVoR6fwoWwgRtAMoleK4c7LFNjjFMMIx3AlzbmRwaXqXZxGD1BzmseCqxVjCoGxY0Dg9o-OQ-DuBzpn_8nJPruhDQtpTiof0NHu0BUUEpABWPmmchA6KVwyvfP14yoxnfAtFfPSTrVkS5S-0oAb5uRRU5Yozg4-t6obg7q-B6hqu35w&amp;__tn__=*NK-R\" target=\"_blank\" rel=\"noopener\">#AltaVerapaz<\/a><\/p>\n<p style=\"text-align: justify;\">La Gobernaci\u00f3n Departamental de Alta Verapaz, la <a href=\"https:\/\/www.facebook.com\/MunicipalidadCahabonAV?__cft__[0]=AZWW8NfCJ0kz92mHD4dgPVoR6fwoWwgRtAMoleK4c7LFNjjFMMIx3AlzbmRwaXqXZxGD1BzmseCqxVjCoGxY0Dg9o-OQ-DuBzpn_8nJPruhDQtpTiof0NHu0BUUEpABWPmmchA6KVwyvfP14yoxnfAtFfPSTrVkS5S-0oAb5uRRU5Yozg4-t6obg7q-B6hqu35w&amp;__tn__=-]K-R\" target=\"_blank\" rel=\"noopener\">Municipalidad de Cahab\u00f3n<\/a>, <a href=\"https:\/\/www.facebook.com\/marngtambiente?__cft__[0]=AZWW8NfCJ0kz92mHD4dgPVoR6fwoWwgRtAMoleK4c7LFNjjFMMIx3AlzbmRwaXqXZxGD1BzmseCqxVjCoGxY0Dg9o-OQ-DuBzpn_8nJPruhDQtpTiof0NHu0BUUEpABWPmmchA6KVwyvfP14yoxnfAtFfPSTrVkS5S-0oAb5uRRU5Yozg4-t6obg7q-B6hqu35w&amp;__tn__=-]K-R\" target=\"_blank\" rel=\"noopener\">MARN<\/a>, <a href=\"https:\/\/www.facebook.com\/hashtag\/copadeh?__eep__=6&amp;__cft__[0]=AZWW8NfCJ0kz92mHD4dgPVoR6fwoWwgRtAMoleK4c7LFNjjFMMIx3AlzbmRwaXqXZxGD1BzmseCqxVjCoGxY0Dg9o-OQ-DuBzpn_8nJPruhDQtpTiof0NHu0BUUEpABWPmmchA6KVwyvfP14yoxnfAtFfPSTrVkS5S-0oAb5uRRU5Yozg4-t6obg7q-B6hqu35w&amp;__tn__=*NK-R\" target=\"_blank\" rel=\"noopener\">#COPADEH<\/a> Y <a href=\"https:\/\/www.facebook.com\/maga.gt?__cft__[0]=AZWW8NfCJ0kz92mHD4dgPVoR6fwoWwgRtAMoleK4c7LFNjjFMMIx3AlzbmRwaXqXZxGD1BzmseCqxVjCoGxY0Dg9o-OQ-DuBzpn_8nJPruhDQtpTiof0NHu0BUUEpABWPmmchA6KVwyvfP14yoxnfAtFfPSTrVkS5S-0oAb5uRRU5Yozg4-t6obg7q-B6hqu35w&amp;__tn__=-]K-R\" target=\"_blank\" rel=\"noopener\">Ministerio de Agricultura, Ganader\u00eda y Alimentaci\u00f3n &#8211; MAGA<\/a> como miembros de la Comisi\u00f3n de Atenci\u00f3n al Conflicto, sostuvieron una reuni\u00f3n para coordinar acciones al beneficio de la poblaci\u00f3n cahabonera en el \u00e1mbito de medio ambiente.<\/p>\n<p><img decoding=\"async\" loading=\"lazy\" class=\"alignnone size-full wp-image-16154\" src=\"https:\/\/gobernacionaltaverapaz.gob.gt\/wp-content\/uploads\/2023\/08\/002-68.jpg\" alt=\"\" width=\"900\" height=\"600\" srcset=\"https:\/\/gobernacionaltaverapaz.gob.gt\/wp-content\/uploads\/2023\/08\/002-68.jpg 900w, https:\/\/gobernacionaltaverapaz.gob.gt\/wp-content\/uploads\/2023\/08\/002-68-300x200.jpg 300w, https:\/\/gobernacionaltaverapaz.gob.gt\/wp-content\/uploads\/2023\/08\/002-68-768x512.jpg 768w\" sizes=\"(max-width: 900px) 100vw, 900px\" \/> <img decoding=\"async\" loading=\"lazy\" class=\"alignnone size-full wp-image-16153\" src=\"https:\/\/gobernacionaltaverapaz.gob.gt\/wp-content\/uploads\/2023\/08\/001-73.jpg\" alt=\"\" width=\"900\" height=\"600\" srcset=\"https:\/\/gobernacionaltaverapaz.gob.gt\/wp-content\/uploads\/2023\/08\/001-73.jpg 900w, https:\/\/gobernacionaltaverapaz.gob.gt\/wp-content\/uploads\/2023\/08\/001-73-300x200.jpg 300w, https:\/\/gobernacionaltaverapaz.gob.gt\/wp-content\/uploads\/2023\/08\/001-73-768x512.jpg 768w\" sizes=\"(max-width: 900px) 100vw, 900px\" \/><\/p>\n","protected":false},"excerpt":{"rendered":"<p>#AltaVerapaz La Gobernaci\u00f3n Departamental de Alta Verapaz, la Municipalidad de Cahab\u00f3n, MARN, #COPADEH Y Ministerio de Agricultura, Ganader\u00eda y Alimentaci\u00f3n &#8211; MAGA como miembros de la Comisi\u00f3n de Atenci\u00f3n al Conflicto, sostuvieron una reuni\u00f3n para coordinar acciones al beneficio de la poblaci\u00f3n cahabonera en el \u00e1mbito de medio ambiente.<\/p>\n","protected":false},"author":1,"featured_media":16155,"comment_status":"closed","ping_status":"open","sticky":false,"template":"","format":"standard","meta":[],"categories":[6],"tags":[178],"_links":{"self":[{"href":"https:\/\/gobernacionaltaverapaz.gob.gt\/index.php?rest_route=\/wp\/v2\/posts\/16152"}],"collection":[{"href":"https:\/\/gobernacionaltaverapaz.gob.gt\/index.php?rest_route=\/wp\/v2\/posts"}],"about":[{"href":"https:\/\/gobernacionaltaverapaz.gob.gt\/index.php?rest_route=\/wp\/v2\/types\/post"}],"author":[{"embeddable":true,"href":"https:\/\/gobernacionaltaverapaz.gob.gt\/index.php?rest_route=\/wp\/v2\/users\/1"}],"replies":[{"embeddable":true,"href":"https:\/\/gobernacionaltaverapaz.gob.gt\/index.php?rest_route=%2Fwp%2Fv2%2Fcomments&post=16152"}],"version-history":[{"count":1,"href":"https:\/\/gobernacionaltaverapaz.gob.gt\/index.php?rest_route=\/wp\/v2\/posts\/16152\/revisions"}],"predecessor-version":[{"id":16156,"href":"https:\/\/gobernacionaltaverapaz.gob.gt\/index.php?rest_route=\/wp\/v2\/posts\/16152\/revisions\/16156"}],"wp:featuredmedia":[{"embeddable":true,"href":"https:\/\/gobernacionaltaverapaz.gob.gt\/index.php?rest_route=\/wp\/v2\/media\/16155"}],"wp:attachment":[{"href":"https:\/\/gobernacionaltaverapaz.gob.gt\/index.php?rest_route=%2Fwp%2Fv2%2Fmedia&parent=16152"}],"wp:term":[{"taxonomy":"category","embeddable":true,"href":"https:\/\/gobernacionaltaverapaz.gob.gt\/index.php?rest_route=%2Fwp%2Fv2%2Fcategories&post=16152"},{"taxonomy":"post_tag","embeddable":true,"href":"https:\/\/gobernacionaltaverapaz.gob.gt\/index.php?rest_route=%2Fwp%2Fv2%2Ftags&post=16152"}],"curies":[{"name":"wp","href":"https:\/\/api.w.org\/{rel}","templated":true}]}}