{"id":16209,"date":"2023-08-03T16:15:05","date_gmt":"2023-08-03T22:15:05","guid":{"rendered":"https:\/\/gobernacionaltaverapaz.gob.gt\/?p=16209"},"modified":"2023-08-07T08:36:02","modified_gmt":"2023-08-07T14:36:02","slug":"nutri-ninos","status":"publish","type":"post","link":"https:\/\/gobernacionaltaverapaz.gob.gt\/?p=16209","title":{"rendered":"Nutri Ni\u00f1os"},"content":{"rendered":"<p><a href=\"https:\/\/www.facebook.com\/guatemalagob\/videos\/798211345422762\" target=\"_blank\" rel=\"noopener\"><img decoding=\"async\" loading=\"lazy\" class=\"alignnone wp-image-16210 size-full\" title=\"Ver video\" src=\"https:\/\/gobernacionaltaverapaz.gob.gt\/wp-content\/uploads\/2023\/08\/001-81.jpg\" alt=\"\" width=\"900\" height=\"600\" srcset=\"https:\/\/gobernacionaltaverapaz.gob.gt\/wp-content\/uploads\/2023\/08\/001-81.jpg 900w, https:\/\/gobernacionaltaverapaz.gob.gt\/wp-content\/uploads\/2023\/08\/001-81-300x200.jpg 300w, https:\/\/gobernacionaltaverapaz.gob.gt\/wp-content\/uploads\/2023\/08\/001-81-768x512.jpg 768w\" sizes=\"(max-width: 900px) 100vw, 900px\" \/><\/a><\/p>\n<p style=\"text-align: justify;\">A trav\u00e9s del programa <a href=\"https:\/\/www.facebook.com\/hashtag\/nutrini%C3%B1os?__eep__=6&amp;__cft__[0]=AZW_AQLTXtQWqTF6x60VOlwf4ZDXof312SKk6-4Uggu5GDmRb-zoq2gbv_NCe56MYXMGh-DOVYFMwQTdNKWJnBM-M_28nY5bjqA0QxQvgj46Rep76yxsak-GfxGpweCKVwGFj6p684zbiolu3lWUc0DpdNtMt8FD4G5vS748VFb84FYtlRZdEecU0Wt35yiYJQq0QOKRTE1v_-ysAt6UgL9a&amp;__tn__=*NK-y-R\" target=\"_blank\" rel=\"noopener\">#NutriNi\u00f1os<\/a>, que forma parte de la Gran Cruzada Nacional por la Nutrici\u00f3n, hemos llegado a las zonas m\u00e1s necesitadas del pa\u00eds en beneficio de miles de ni\u00f1os y ni\u00f1as guatemaltecos.<\/p>\n<p style=\"text-align: justify;\">Conoce la historia de Marcos V\u00e1squez <a href=\"https:\/\/www.facebook.com\/hashtag\/protagonistasdenuestrotiempo?__eep__=6&amp;__cft__[0]=AZW_AQLTXtQWqTF6x60VOlwf4ZDXof312SKk6-4Uggu5GDmRb-zoq2gbv_NCe56MYXMGh-DOVYFMwQTdNKWJnBM-M_28nY5bjqA0QxQvgj46Rep76yxsak-GfxGpweCKVwGFj6p684zbiolu3lWUc0DpdNtMt8FD4G5vS748VFb84FYtlRZdEecU0Wt35yiYJQq0QOKRTE1v_-ysAt6UgL9a&amp;__tn__=*NK-y-R\" target=\"_blank\" rel=\"noopener\">#ProtagonistasDeNuestroTiempo<\/a>.<\/p>\n","protected":false},"excerpt":{"rendered":"<p>A trav\u00e9s del programa #NutriNi\u00f1os, que forma parte de la Gran Cruzada Nacional por la Nutrici\u00f3n, hemos llegado a las zonas m\u00e1s necesitadas del pa\u00eds en beneficio de miles de ni\u00f1os y ni\u00f1as guatemaltecos. Conoce la historia de Marcos V\u00e1squez #ProtagonistasDeNuestroTiempo.<\/p>\n","protected":false},"author":1,"featured_media":16211,"comment_status":"closed","ping_status":"open","sticky":false,"template":"","format":"video","meta":[],"categories":[202],"tags":[178],"_links":{"self":[{"href":"https:\/\/gobernacionaltaverapaz.gob.gt\/index.php?rest_route=\/wp\/v2\/posts\/16209"}],"collection":[{"href":"https:\/\/gobernacionaltaverapaz.gob.gt\/index.php?rest_route=\/wp\/v2\/posts"}],"about":[{"href":"https:\/\/gobernacionaltaverapaz.gob.gt\/index.php?rest_route=\/wp\/v2\/types\/post"}],"author":[{"embeddable":true,"href":"https:\/\/gobernacionaltaverapaz.gob.gt\/index.php?rest_route=\/wp\/v2\/users\/1"}],"replies":[{"embeddable":true,"href":"https:\/\/gobernacionaltaverapaz.gob.gt\/index.php?rest_route=%2Fwp%2Fv2%2Fcomments&post=16209"}],"version-history":[{"count":1,"href":"https:\/\/gobernacionaltaverapaz.gob.gt\/index.php?rest_route=\/wp\/v2\/posts\/16209\/revisions"}],"predecessor-version":[{"id":16212,"href":"https:\/\/gobernacionaltaverapaz.gob.gt\/index.php?rest_route=\/wp\/v2\/posts\/16209\/revisions\/16212"}],"wp:featuredmedia":[{"embeddable":true,"href":"https:\/\/gobernacionaltaverapaz.gob.gt\/index.php?rest_route=\/wp\/v2\/media\/16211"}],"wp:attachment":[{"href":"https:\/\/gobernacionaltaverapaz.gob.gt\/index.php?rest_route=%2Fwp%2Fv2%2Fmedia&parent=16209"}],"wp:term":[{"taxonomy":"category","embeddable":true,"href":"https:\/\/gobernacionaltaverapaz.gob.gt\/index.php?rest_route=%2Fwp%2Fv2%2Fcategories&post=16209"},{"taxonomy":"post_tag","embeddable":true,"href":"https:\/\/gobernacionaltaverapaz.gob.gt\/index.php?rest_route=%2Fwp%2Fv2%2Ftags&post=16209"}],"curies":[{"name":"wp","href":"https:\/\/api.w.org\/{rel}","templated":true}]}}