{"id":16213,"date":"2023-08-03T17:02:08","date_gmt":"2023-08-03T23:02:08","guid":{"rendered":"https:\/\/gobernacionaltaverapaz.gob.gt\/?p=16213"},"modified":"2023-08-07T08:46:04","modified_gmt":"2023-08-07T14:46:04","slug":"programa-bono-social-2","status":"publish","type":"post","link":"https:\/\/gobernacionaltaverapaz.gob.gt\/?p=16213","title":{"rendered":"Programa BONO SOCIAL"},"content":{"rendered":"<p><a href=\"https:\/\/www.facebook.com\/GobernacionAV\/videos\/1307236450183743\/\" target=\"_blank\" rel=\"noopener\"><img decoding=\"async\" loading=\"lazy\" class=\"alignnone wp-image-16214 size-full\" title=\"Ver video\" src=\"https:\/\/gobernacionaltaverapaz.gob.gt\/wp-content\/uploads\/2023\/08\/001-82.jpg\" alt=\"\" width=\"900\" height=\"600\" srcset=\"https:\/\/gobernacionaltaverapaz.gob.gt\/wp-content\/uploads\/2023\/08\/001-82.jpg 900w, https:\/\/gobernacionaltaverapaz.gob.gt\/wp-content\/uploads\/2023\/08\/001-82-300x200.jpg 300w, https:\/\/gobernacionaltaverapaz.gob.gt\/wp-content\/uploads\/2023\/08\/001-82-768x512.jpg 768w\" sizes=\"(max-width: 900px) 100vw, 900px\" \/><\/a><\/p>\n<p style=\"text-align: justify;\"><a href=\"https:\/\/www.facebook.com\/watch\/hashtag\/altaverapaz?__eep__=6%2F&amp;__cft__[0]=AZVTmzKMfcZ2ixa1lcLkZJAz47f0cmAwfA1zcQOqi8HjvO7svjevcb1tmf3reuOsG-DjiPil94sBh2DGUicEDnMwQUJSNAvI8iUPP4Wk-M3TWkqdxLQEcYpOuivzDSPjxss2KzdCD2QRQhJyzTkSAHzdzVk7SvjgzJZBK7b3Czq46EHCOgUHiqEa9qZv2apLRfY&amp;__tn__=*NK-R\" target=\"_blank\" rel=\"noopener\">#AltaVerapaz<\/a><\/p>\n<p style=\"text-align: justify;\">El d\u00eda de hoy los beneficiados de Cob\u00e1n, A.V., realizaron el cobro del Programa BONO SOCIAL, a trav\u00e9s del <a href=\"https:\/\/www.facebook.com\/MidesGuatemala?__cft__[0]=AZVTmzKMfcZ2ixa1lcLkZJAz47f0cmAwfA1zcQOqi8HjvO7svjevcb1tmf3reuOsG-DjiPil94sBh2DGUicEDnMwQUJSNAvI8iUPP4Wk-M3TWkqdxLQEcYpOuivzDSPjxss2KzdCD2QRQhJyzTkSAHzdzVk7SvjgzJZBK7b3Czq46EHCOgUHiqEa9qZv2apLRfY&amp;__tn__=-]K-R\" target=\"_blank\" rel=\"noopener\">Mides Guatemala<\/a>, siendo brindado a familias usuarias en condici\u00f3n de pobreza, pobreza extrema, con ni\u00f1as y ni\u00f1os de cero (0) a menores de quince (15) a\u00f1os y mujeres embarazadas.<\/p>\n<p><a href=\"https:\/\/www.facebook.com\/watch\/hashtag\/testimoniales?__eep__=6%2F&amp;__cft__[0]=AZVTmzKMfcZ2ixa1lcLkZJAz47f0cmAwfA1zcQOqi8HjvO7svjevcb1tmf3reuOsG-DjiPil94sBh2DGUicEDnMwQUJSNAvI8iUPP4Wk-M3TWkqdxLQEcYpOuivzDSPjxss2KzdCD2QRQhJyzTkSAHzdzVk7SvjgzJZBK7b3Czq46EHCOgUHiqEa9qZv2apLRfY&amp;__tn__=*NK-R\" target=\"_blank\" rel=\"noopener\">#testimoniales<\/a><\/p>\n","protected":false},"excerpt":{"rendered":"<p>#AltaVerapaz El d\u00eda de hoy los beneficiados de Cob\u00e1n, A.V., realizaron el cobro del Programa BONO SOCIAL, a trav\u00e9s del Mides Guatemala, siendo brindado a familias usuarias en condici\u00f3n de pobreza, pobreza extrema, con ni\u00f1as y ni\u00f1os de cero (0) a menores de quince (15) a\u00f1os y mujeres embarazadas. #testimoniales<\/p>\n","protected":false},"author":1,"featured_media":16215,"comment_status":"closed","ping_status":"open","sticky":false,"template":"","format":"video","meta":[],"categories":[182],"tags":[178],"_links":{"self":[{"href":"https:\/\/gobernacionaltaverapaz.gob.gt\/index.php?rest_route=\/wp\/v2\/posts\/16213"}],"collection":[{"href":"https:\/\/gobernacionaltaverapaz.gob.gt\/index.php?rest_route=\/wp\/v2\/posts"}],"about":[{"href":"https:\/\/gobernacionaltaverapaz.gob.gt\/index.php?rest_route=\/wp\/v2\/types\/post"}],"author":[{"embeddable":true,"href":"https:\/\/gobernacionaltaverapaz.gob.gt\/index.php?rest_route=\/wp\/v2\/users\/1"}],"replies":[{"embeddable":true,"href":"https:\/\/gobernacionaltaverapaz.gob.gt\/index.php?rest_route=%2Fwp%2Fv2%2Fcomments&post=16213"}],"version-history":[{"count":1,"href":"https:\/\/gobernacionaltaverapaz.gob.gt\/index.php?rest_route=\/wp\/v2\/posts\/16213\/revisions"}],"predecessor-version":[{"id":16216,"href":"https:\/\/gobernacionaltaverapaz.gob.gt\/index.php?rest_route=\/wp\/v2\/posts\/16213\/revisions\/16216"}],"wp:featuredmedia":[{"embeddable":true,"href":"https:\/\/gobernacionaltaverapaz.gob.gt\/index.php?rest_route=\/wp\/v2\/media\/16215"}],"wp:attachment":[{"href":"https:\/\/gobernacionaltaverapaz.gob.gt\/index.php?rest_route=%2Fwp%2Fv2%2Fmedia&parent=16213"}],"wp:term":[{"taxonomy":"category","embeddable":true,"href":"https:\/\/gobernacionaltaverapaz.gob.gt\/index.php?rest_route=%2Fwp%2Fv2%2Fcategories&post=16213"},{"taxonomy":"post_tag","embeddable":true,"href":"https:\/\/gobernacionaltaverapaz.gob.gt\/index.php?rest_route=%2Fwp%2Fv2%2Ftags&post=16213"}],"curies":[{"name":"wp","href":"https:\/\/api.w.org\/{rel}","templated":true}]}}