{"id":16250,"date":"2023-08-04T12:08:27","date_gmt":"2023-08-04T18:08:27","guid":{"rendered":"https:\/\/gobernacionaltaverapaz.gob.gt\/?p=16250"},"modified":"2023-08-07T10:06:52","modified_gmt":"2023-08-07T16:06:52","slug":"viceministro-de-ambiente-participa-en-el-conversatorio-de-educacion-ambiental-para-cumplir-con-el-acuerdo-gubernativo-164-2021","status":"publish","type":"post","link":"https:\/\/gobernacionaltaverapaz.gob.gt\/?p=16250","title":{"rendered":"Viceministro de Ambiente participa en el conversatorio de educaci\u00f3n ambiental para cumplir con el Acuerdo Gubernativo 164-2021"},"content":{"rendered":"<p style=\"text-align: justify;\"><a href=\"https:\/\/www.facebook.com\/hashtag\/somosmarn?__eep__=6&amp;__cft__[0]=AZVNbuTVzN5BnJ1Y5d8S-TdxFlTTfcvYCsBvFEcrgswi4ohtAQkDn6UHwZM4KGsVOVev7qhmL9UCBGCfDc0c_2W4lyY0qLx5_Zz9-pXPLbHfbifwek5z4ZGJR86Ylm4dDkj-o8ygUQjUFmM1elsLcVhPbOcS37MMHR4FLMRy-WjEZSEBswo9S9uW4eCEDO2RFMv4-G803DHJrOjwa5SZoOrE&amp;__tn__=*NK-y-R\" target=\"_blank\" rel=\"noopener\">#SomosMARN<\/a> | El Viceministro de Ambiente, Esteban Piedrasanta, participa en el conversatorio de educaci\u00f3n ambiental para cumplir con el Acuerdo Gubernativo 164-2021.<\/p>\n<p style=\"text-align: justify;\">En este conversatorio resalt\u00f3 acciones que implementa el MARN sobre educaci\u00f3n ambiental:<\/p>\n<ul>\n<li style=\"text-align: justify;\">Actualmente se tienen 7,000 guardianes ecol\u00f3gicos<\/li>\n<li style=\"text-align: justify;\">5 diplomados enfocados en la conservaci\u00f3n de los recursos naturales y el medio ambiente.<\/li>\n<\/ul>\n<p><img decoding=\"async\" loading=\"lazy\" class=\"alignnone size-full wp-image-16253\" src=\"https:\/\/gobernacionaltaverapaz.gob.gt\/wp-content\/uploads\/2023\/08\/003-49.jpg\" alt=\"\" width=\"900\" height=\"675\" srcset=\"https:\/\/gobernacionaltaverapaz.gob.gt\/wp-content\/uploads\/2023\/08\/003-49.jpg 900w, https:\/\/gobernacionaltaverapaz.gob.gt\/wp-content\/uploads\/2023\/08\/003-49-300x225.jpg 300w, https:\/\/gobernacionaltaverapaz.gob.gt\/wp-content\/uploads\/2023\/08\/003-49-768x576.jpg 768w\" sizes=\"(max-width: 900px) 100vw, 900px\" \/> <img decoding=\"async\" loading=\"lazy\" class=\"alignnone size-full wp-image-16251\" src=\"https:\/\/gobernacionaltaverapaz.gob.gt\/wp-content\/uploads\/2023\/08\/001-87.jpg\" alt=\"\" width=\"900\" height=\"675\" srcset=\"https:\/\/gobernacionaltaverapaz.gob.gt\/wp-content\/uploads\/2023\/08\/001-87.jpg 900w, https:\/\/gobernacionaltaverapaz.gob.gt\/wp-content\/uploads\/2023\/08\/001-87-300x225.jpg 300w, https:\/\/gobernacionaltaverapaz.gob.gt\/wp-content\/uploads\/2023\/08\/001-87-768x576.jpg 768w\" sizes=\"(max-width: 900px) 100vw, 900px\" \/><\/p>\n","protected":false},"excerpt":{"rendered":"<p>#SomosMARN | El Viceministro de Ambiente, Esteban Piedrasanta, participa en el conversatorio de educaci\u00f3n ambiental para cumplir con el Acuerdo Gubernativo 164-2021. En este conversatorio resalt\u00f3 acciones que implementa el MARN sobre educaci\u00f3n ambiental: Actualmente se tienen 7,000 guardianes ecol\u00f3gicos 5 diplomados enfocados en la conservaci\u00f3n de los recursos naturales y el medio ambiente.<\/p>\n","protected":false},"author":1,"featured_media":16252,"comment_status":"closed","ping_status":"open","sticky":false,"template":"","format":"standard","meta":[],"categories":[6],"tags":[178],"_links":{"self":[{"href":"https:\/\/gobernacionaltaverapaz.gob.gt\/index.php?rest_route=\/wp\/v2\/posts\/16250"}],"collection":[{"href":"https:\/\/gobernacionaltaverapaz.gob.gt\/index.php?rest_route=\/wp\/v2\/posts"}],"about":[{"href":"https:\/\/gobernacionaltaverapaz.gob.gt\/index.php?rest_route=\/wp\/v2\/types\/post"}],"author":[{"embeddable":true,"href":"https:\/\/gobernacionaltaverapaz.gob.gt\/index.php?rest_route=\/wp\/v2\/users\/1"}],"replies":[{"embeddable":true,"href":"https:\/\/gobernacionaltaverapaz.gob.gt\/index.php?rest_route=%2Fwp%2Fv2%2Fcomments&post=16250"}],"version-history":[{"count":1,"href":"https:\/\/gobernacionaltaverapaz.gob.gt\/index.php?rest_route=\/wp\/v2\/posts\/16250\/revisions"}],"predecessor-version":[{"id":16254,"href":"https:\/\/gobernacionaltaverapaz.gob.gt\/index.php?rest_route=\/wp\/v2\/posts\/16250\/revisions\/16254"}],"wp:featuredmedia":[{"embeddable":true,"href":"https:\/\/gobernacionaltaverapaz.gob.gt\/index.php?rest_route=\/wp\/v2\/media\/16252"}],"wp:attachment":[{"href":"https:\/\/gobernacionaltaverapaz.gob.gt\/index.php?rest_route=%2Fwp%2Fv2%2Fmedia&parent=16250"}],"wp:term":[{"taxonomy":"category","embeddable":true,"href":"https:\/\/gobernacionaltaverapaz.gob.gt\/index.php?rest_route=%2Fwp%2Fv2%2Fcategories&post=16250"},{"taxonomy":"post_tag","embeddable":true,"href":"https:\/\/gobernacionaltaverapaz.gob.gt\/index.php?rest_route=%2Fwp%2Fv2%2Ftags&post=16250"}],"curies":[{"name":"wp","href":"https:\/\/api.w.org\/{rel}","templated":true}]}}