{"id":16255,"date":"2023-08-04T13:00:46","date_gmt":"2023-08-04T19:00:46","guid":{"rendered":"https:\/\/gobernacionaltaverapaz.gob.gt\/?p=16255"},"modified":"2023-08-07T10:27:22","modified_gmt":"2023-08-07T16:27:22","slug":"reunion-con-integrantes-codred-alta-verapaz","status":"publish","type":"post","link":"https:\/\/gobernacionaltaverapaz.gob.gt\/?p=16255","title":{"rendered":"Reuni\u00f3n con integrantes CODRED Alta Verapaz"},"content":{"rendered":"<p style=\"text-align: justify;\"><a href=\"https:\/\/www.facebook.com\/hashtag\/altaverapaz?__eep__=6&amp;__cft__[0]=AZUsyrbx0EhwtJcG1aY28wWgmhxCvnnfnjWMnlztV3T2ce_1Ha5h8rrolLNjQKGIbW0E2NYkE6vIGxJfZmnatuB9VvPI3rciCOACQt9QPO3KGyhrhQDFqZGYs3SfL-cw7eQB1_TvhUIouryP7XW8Uo5BTa5abzrrEadUoaqGVvCKwxgh_1qaRcgo4eHjUjBNb_U&amp;__tn__=*NK-R\" target=\"_blank\" rel=\"noopener\">#AltaVerapaz<\/a><\/p>\n<p style=\"text-align: justify;\">La Sra. Gobernadora Departamental, en su Calidad de Directora de la Coordinadora Departamental de Reducci\u00f3n de Desastres <a href=\"https:\/\/www.facebook.com\/hashtag\/codred?__eep__=6&amp;__cft__[0]=AZUsyrbx0EhwtJcG1aY28wWgmhxCvnnfnjWMnlztV3T2ce_1Ha5h8rrolLNjQKGIbW0E2NYkE6vIGxJfZmnatuB9VvPI3rciCOACQt9QPO3KGyhrhQDFqZGYs3SfL-cw7eQB1_TvhUIouryP7XW8Uo5BTa5abzrrEadUoaqGVvCKwxgh_1qaRcgo4eHjUjBNb_U&amp;__tn__=*NK-R\" target=\"_blank\" rel=\"noopener\">#CODRED<\/a> de Alta Verapaz, El d\u00eda de hoy sostuvo una reuni\u00f3n con integrantes de esta coordinadora, con el objetivo de decretar <a href=\"https:\/\/www.facebook.com\/hashtag\/alertarojainstitucionaldepartamental?__eep__=6&amp;__cft__[0]=AZUsyrbx0EhwtJcG1aY28wWgmhxCvnnfnjWMnlztV3T2ce_1Ha5h8rrolLNjQKGIbW0E2NYkE6vIGxJfZmnatuB9VvPI3rciCOACQt9QPO3KGyhrhQDFqZGYs3SfL-cw7eQB1_TvhUIouryP7XW8Uo5BTa5abzrrEadUoaqGVvCKwxgh_1qaRcgo4eHjUjBNb_U&amp;__tn__=*NK-R\" target=\"_blank\" rel=\"noopener\">#AlertaRojaInstitucionalDepartamental<\/a> de acuerdo a eventos hidrometeorol\u00f3gicos por temporada de lluvias #2023 a la poblaci\u00f3n afectada actualmente, proyectada por los efectos del fen\u00f3meno el ni\u00f1o #2023 y temporada de incendios forestales 2023-2024, incluyendo la ACTIVACI\u00d3N del Centro de Operaciones de Emergencia -COE- Departamental.<\/p>\n<p style=\"text-align: justify;\"><a href=\"https:\/\/www.facebook.com\/hashtag\/elgobdelosguatemaltecos?__eep__=6&amp;__cft__[0]=AZUsyrbx0EhwtJcG1aY28wWgmhxCvnnfnjWMnlztV3T2ce_1Ha5h8rrolLNjQKGIbW0E2NYkE6vIGxJfZmnatuB9VvPI3rciCOACQt9QPO3KGyhrhQDFqZGYs3SfL-cw7eQB1_TvhUIouryP7XW8Uo5BTa5abzrrEadUoaqGVvCKwxgh_1qaRcgo4eHjUjBNb_U&amp;__tn__=*NK-R\" target=\"_blank\" rel=\"noopener\">#ElGobDeLosGuatemaltecos<\/a> <a href=\"https:\/\/www.facebook.com\/hashtag\/unidostransformamosguatemala?__eep__=6&amp;__cft__[0]=AZUsyrbx0EhwtJcG1aY28wWgmhxCvnnfnjWMnlztV3T2ce_1Ha5h8rrolLNjQKGIbW0E2NYkE6vIGxJfZmnatuB9VvPI3rciCOACQt9QPO3KGyhrhQDFqZGYs3SfL-cw7eQB1_TvhUIouryP7XW8Uo5BTa5abzrrEadUoaqGVvCKwxgh_1qaRcgo4eHjUjBNb_U&amp;__tn__=*NK-R\" target=\"_blank\" rel=\"noopener\">#UnidosTransformamosGuatemala<\/a><\/p>\n<div><\/div>\n","protected":false},"excerpt":{"rendered":"<p>#AltaVerapaz La Sra. Gobernadora Departamental, en su Calidad de Directora de la Coordinadora Departamental de Reducci\u00f3n de Desastres #CODRED de Alta Verapaz, El d\u00eda de hoy sostuvo una reuni\u00f3n con integrantes de esta coordinadora, con el objetivo de decretar #AlertaRojaInstitucionalDepartamental de acuerdo a eventos hidrometeorol\u00f3gicos por temporada de lluvias #2023 a la poblaci\u00f3n afectada actualmente, [&hellip;]<\/p>\n","protected":false},"author":1,"featured_media":16259,"comment_status":"closed","ping_status":"open","sticky":false,"template":"","format":"gallery","meta":[],"categories":[197],"tags":[178],"_links":{"self":[{"href":"https:\/\/gobernacionaltaverapaz.gob.gt\/index.php?rest_route=\/wp\/v2\/posts\/16255"}],"collection":[{"href":"https:\/\/gobernacionaltaverapaz.gob.gt\/index.php?rest_route=\/wp\/v2\/posts"}],"about":[{"href":"https:\/\/gobernacionaltaverapaz.gob.gt\/index.php?rest_route=\/wp\/v2\/types\/post"}],"author":[{"embeddable":true,"href":"https:\/\/gobernacionaltaverapaz.gob.gt\/index.php?rest_route=\/wp\/v2\/users\/1"}],"replies":[{"embeddable":true,"href":"https:\/\/gobernacionaltaverapaz.gob.gt\/index.php?rest_route=%2Fwp%2Fv2%2Fcomments&post=16255"}],"version-history":[{"count":3,"href":"https:\/\/gobernacionaltaverapaz.gob.gt\/index.php?rest_route=\/wp\/v2\/posts\/16255\/revisions"}],"predecessor-version":[{"id":16263,"href":"https:\/\/gobernacionaltaverapaz.gob.gt\/index.php?rest_route=\/wp\/v2\/posts\/16255\/revisions\/16263"}],"wp:featuredmedia":[{"embeddable":true,"href":"https:\/\/gobernacionaltaverapaz.gob.gt\/index.php?rest_route=\/wp\/v2\/media\/16259"}],"wp:attachment":[{"href":"https:\/\/gobernacionaltaverapaz.gob.gt\/index.php?rest_route=%2Fwp%2Fv2%2Fmedia&parent=16255"}],"wp:term":[{"taxonomy":"category","embeddable":true,"href":"https:\/\/gobernacionaltaverapaz.gob.gt\/index.php?rest_route=%2Fwp%2Fv2%2Fcategories&post=16255"},{"taxonomy":"post_tag","embeddable":true,"href":"https:\/\/gobernacionaltaverapaz.gob.gt\/index.php?rest_route=%2Fwp%2Fv2%2Ftags&post=16255"}],"curies":[{"name":"wp","href":"https:\/\/api.w.org\/{rel}","templated":true}]}}