{"id":16264,"date":"2023-08-04T13:32:33","date_gmt":"2023-08-04T19:32:33","guid":{"rendered":"https:\/\/gobernacionaltaverapaz.gob.gt\/?p=16264"},"modified":"2023-08-07T10:38:29","modified_gmt":"2023-08-07T16:38:29","slug":"ministro-de-finanzas-publicas-participa-en-el-primer-encuentro-nacional-de-autoridades-locales-electas-2024-2028","status":"publish","type":"post","link":"https:\/\/gobernacionaltaverapaz.gob.gt\/?p=16264","title":{"rendered":"Ministro de Finanzas P\u00fablicas participa en el Primer Encuentro Nacional de Autoridades Locales Electas 2024-2028"},"content":{"rendered":"<p style=\"text-align: justify;\"><a href=\"https:\/\/www.facebook.com\/hashtag\/gesti%C3%B3nminfin?__eep__=6&amp;__cft__[0]=AZXfB9yfTivZ5CdSvzeTVcGthUhNskdw0uL5Pko0T2nFAOOHR7c4IIJI-2jS3jPnIShhRXCxUY7sFyzU_pLx7fe87uA4dOZzVaOQC8ohTlGBIIaC0yrLSI1LKofF-suYO5cCGxyAJjKk2M5rKLyZUWBvFA6-mpdyhXU81RDqYZLTOHKO-QupVHFBwfcjM6xZrTNqLveTC4GJ30_0xghNAqtR&amp;__tn__=*NK-y-R\" target=\"_blank\" rel=\"noopener\">#Gesti\u00f3nMinfin<\/a> | El ministro de Finanzas P\u00fablicas, Edwin Mart\u00ednez Cameros, participa en el Primer Encuentro Nacional de Autoridades Locales Electas 2024-2028, organizado por la <a href=\"https:\/\/www.facebook.com\/ANAMGuatemala.org.gt?__cft__[0]=AZXfB9yfTivZ5CdSvzeTVcGthUhNskdw0uL5Pko0T2nFAOOHR7c4IIJI-2jS3jPnIShhRXCxUY7sFyzU_pLx7fe87uA4dOZzVaOQC8ohTlGBIIaC0yrLSI1LKofF-suYO5cCGxyAJjKk2M5rKLyZUWBvFA6-mpdyhXU81RDqYZLTOHKO-QupVHFBwfcjM6xZrTNqLveTC4GJ30_0xghNAqtR&amp;__tn__=-]K-y-R\" target=\"_blank\" rel=\"noopener\">ANAM Guatemala<\/a>.<\/p>\n<p><img decoding=\"async\" loading=\"lazy\" class=\"alignnone size-full wp-image-16265\" src=\"https:\/\/gobernacionaltaverapaz.gob.gt\/wp-content\/uploads\/2023\/08\/001-89.jpg\" alt=\"\" width=\"900\" height=\"673\" srcset=\"https:\/\/gobernacionaltaverapaz.gob.gt\/wp-content\/uploads\/2023\/08\/001-89.jpg 900w, https:\/\/gobernacionaltaverapaz.gob.gt\/wp-content\/uploads\/2023\/08\/001-89-300x224.jpg 300w, https:\/\/gobernacionaltaverapaz.gob.gt\/wp-content\/uploads\/2023\/08\/001-89-768x574.jpg 768w\" sizes=\"(max-width: 900px) 100vw, 900px\" \/><\/p>\n","protected":false},"excerpt":{"rendered":"<p>#Gesti\u00f3nMinfin | El ministro de Finanzas P\u00fablicas, Edwin Mart\u00ednez Cameros, participa en el Primer Encuentro Nacional de Autoridades Locales Electas 2024-2028, organizado por la ANAM Guatemala.<\/p>\n","protected":false},"author":1,"featured_media":16266,"comment_status":"closed","ping_status":"open","sticky":false,"template":"","format":"standard","meta":[],"categories":[199],"tags":[178],"_links":{"self":[{"href":"https:\/\/gobernacionaltaverapaz.gob.gt\/index.php?rest_route=\/wp\/v2\/posts\/16264"}],"collection":[{"href":"https:\/\/gobernacionaltaverapaz.gob.gt\/index.php?rest_route=\/wp\/v2\/posts"}],"about":[{"href":"https:\/\/gobernacionaltaverapaz.gob.gt\/index.php?rest_route=\/wp\/v2\/types\/post"}],"author":[{"embeddable":true,"href":"https:\/\/gobernacionaltaverapaz.gob.gt\/index.php?rest_route=\/wp\/v2\/users\/1"}],"replies":[{"embeddable":true,"href":"https:\/\/gobernacionaltaverapaz.gob.gt\/index.php?rest_route=%2Fwp%2Fv2%2Fcomments&post=16264"}],"version-history":[{"count":1,"href":"https:\/\/gobernacionaltaverapaz.gob.gt\/index.php?rest_route=\/wp\/v2\/posts\/16264\/revisions"}],"predecessor-version":[{"id":16267,"href":"https:\/\/gobernacionaltaverapaz.gob.gt\/index.php?rest_route=\/wp\/v2\/posts\/16264\/revisions\/16267"}],"wp:featuredmedia":[{"embeddable":true,"href":"https:\/\/gobernacionaltaverapaz.gob.gt\/index.php?rest_route=\/wp\/v2\/media\/16266"}],"wp:attachment":[{"href":"https:\/\/gobernacionaltaverapaz.gob.gt\/index.php?rest_route=%2Fwp%2Fv2%2Fmedia&parent=16264"}],"wp:term":[{"taxonomy":"category","embeddable":true,"href":"https:\/\/gobernacionaltaverapaz.gob.gt\/index.php?rest_route=%2Fwp%2Fv2%2Fcategories&post=16264"},{"taxonomy":"post_tag","embeddable":true,"href":"https:\/\/gobernacionaltaverapaz.gob.gt\/index.php?rest_route=%2Fwp%2Fv2%2Ftags&post=16264"}],"curies":[{"name":"wp","href":"https:\/\/api.w.org\/{rel}","templated":true}]}}