{"id":16327,"date":"2023-08-07T12:04:50","date_gmt":"2023-08-07T18:04:50","guid":{"rendered":"https:\/\/gobernacionaltaverapaz.gob.gt\/?p=16327"},"modified":"2026-01-11T22:15:36","modified_gmt":"2026-01-12T04:15:36","slug":"marn-visito-las-nuevas-instalaciones-de-la-oficina-para-la-unidad-de-proyectos-de-la-ley-temporal-de-desarrollo-integral","status":"publish","type":"post","link":"https:\/\/gobernacionaltaverapaz.gob.gt\/?p=16327","title":{"rendered":"MARN visit\u00f3 las nuevas instalaciones de la Oficina para la Unidad de Proyectos de la Ley Temporal de Desarrollo Integral"},"content":{"rendered":"<p style=\"text-align: justify;\"><a href=\"https:\/\/www.facebook.com\/hashtag\/somosmarn?__eep__=6&amp;__cft__[0]=AZVGqHIaLjGWlVmlBLq5_dARLn8WzQ20t2WflZ_s830JtAbzfa0WmKBs0Lz1yrTyfOAyTWM-s8Q-UpXjLXO8KqFl3Ep80oKi8lkTLV0CENaXgbVWDEdSKM2bxBhjcYZnvQuwpmAmRlVDVRaNU6zSkHrsQKr-aPjmxpjSXjU4H9fUSxX1ELccau0bZcALhi3xW9pY1iLEFyVEw0lD0zNKN1vM&amp;__tn__=*NK-y-R\" target=\"_blank\" rel=\"noopener\">#SomosMARN<\/a> | El Ministro de Ambiente y Recursos Naturales, Gerson Barrios, visit\u00f3 las nuevas instalaciones de la Oficina para la Unidad de Proyectos de la Ley Temporal de Desarrollo Integral.<\/p>\n<p style=\"text-align: justify;\">La Ley Temporal De Desarrollo Integral,\u00a0 ha realizado programas ambientales con acciones desarrolladas\u00a0 en procesos de formaci\u00f3n con especial \u00e9nfasis en la aplicaci\u00f3n desde los hogares del Acuerdo Gubernativo 164-2021 para la Gesti\u00f3n de Residuos y Desechos S\u00f3lidos Comunes.<\/p>\n<div><\/div>\n","protected":false},"excerpt":{"rendered":"<p>#SomosMARN | El Ministro de Ambiente y Recursos Naturales, Gerson Barrios, visit\u00f3 las nuevas instalaciones de la Oficina para la Unidad de Proyectos de la Ley Temporal de Desarrollo Integral. La Ley Temporal De Desarrollo Integral,\u00a0 ha realizado programas ambientales con acciones desarrolladas\u00a0 en procesos de formaci\u00f3n con especial \u00e9nfasis en la aplicaci\u00f3n desde los [&hellip;]<\/p>\n","protected":false},"author":1,"featured_media":16329,"comment_status":"closed","ping_status":"open","sticky":false,"template":"","format":"gallery","meta":[],"categories":[214,1],"tags":[178],"_links":{"self":[{"href":"https:\/\/gobernacionaltaverapaz.gob.gt\/index.php?rest_route=\/wp\/v2\/posts\/16327"}],"collection":[{"href":"https:\/\/gobernacionaltaverapaz.gob.gt\/index.php?rest_route=\/wp\/v2\/posts"}],"about":[{"href":"https:\/\/gobernacionaltaverapaz.gob.gt\/index.php?rest_route=\/wp\/v2\/types\/post"}],"author":[{"embeddable":true,"href":"https:\/\/gobernacionaltaverapaz.gob.gt\/index.php?rest_route=\/wp\/v2\/users\/1"}],"replies":[{"embeddable":true,"href":"https:\/\/gobernacionaltaverapaz.gob.gt\/index.php?rest_route=%2Fwp%2Fv2%2Fcomments&post=16327"}],"version-history":[{"count":2,"href":"https:\/\/gobernacionaltaverapaz.gob.gt\/index.php?rest_route=\/wp\/v2\/posts\/16327\/revisions"}],"predecessor-version":[{"id":16335,"href":"https:\/\/gobernacionaltaverapaz.gob.gt\/index.php?rest_route=\/wp\/v2\/posts\/16327\/revisions\/16335"}],"wp:featuredmedia":[{"embeddable":true,"href":"https:\/\/gobernacionaltaverapaz.gob.gt\/index.php?rest_route=\/wp\/v2\/media\/16329"}],"wp:attachment":[{"href":"https:\/\/gobernacionaltaverapaz.gob.gt\/index.php?rest_route=%2Fwp%2Fv2%2Fmedia&parent=16327"}],"wp:term":[{"taxonomy":"category","embeddable":true,"href":"https:\/\/gobernacionaltaverapaz.gob.gt\/index.php?rest_route=%2Fwp%2Fv2%2Fcategories&post=16327"},{"taxonomy":"post_tag","embeddable":true,"href":"https:\/\/gobernacionaltaverapaz.gob.gt\/index.php?rest_route=%2Fwp%2Fv2%2Ftags&post=16327"}],"curies":[{"name":"wp","href":"https:\/\/api.w.org\/{rel}","templated":true}]}}