{"id":16343,"date":"2023-08-07T17:31:31","date_gmt":"2023-08-07T23:31:31","guid":{"rendered":"https:\/\/gobernacionaltaverapaz.gob.gt\/?p=16343"},"modified":"2023-08-08T08:37:12","modified_gmt":"2023-08-08T14:37:12","slug":"festival-gastronomico-alta-verapaz","status":"publish","type":"post","link":"https:\/\/gobernacionaltaverapaz.gob.gt\/?p=16343","title":{"rendered":"Festival Gastron\u00f3mico Alta Verapaz"},"content":{"rendered":"<p style=\"text-align: justify;\"><a href=\"https:\/\/www.facebook.com\/hashtag\/altaverapaz?__eep__=6&amp;__cft__[0]=AZUOuSec3X_naNqjR8T3hi4nDtlb5sU0q9bumsorF1voeV_HWGe2SyBEOFwWF_BiAWwlR2wvLh1q90YUO2mk2LqCWUxIMZBNYHc7gZTcUmxug3KOtuB8tbevlRMdEjXRZOmS8tnjoJ5BVgdesKR46SvzhYMLMWkvtlSUKunutGq-2ceBsZ42c-OrQ6ZquQoUyD8&amp;__tn__=*NK-R\" target=\"_blank\" rel=\"noopener\">#AltaVerapaz<\/a><\/p>\n<p style=\"text-align: justify;\">La Sra. Gobernadora Departamental de Alta Verapaz, se reuni\u00f3 con miembros del <a href=\"https:\/\/www.facebook.com\/inguat?__cft__[0]=AZUOuSec3X_naNqjR8T3hi4nDtlb5sU0q9bumsorF1voeV_HWGe2SyBEOFwWF_BiAWwlR2wvLh1q90YUO2mk2LqCWUxIMZBNYHc7gZTcUmxug3KOtuB8tbevlRMdEjXRZOmS8tnjoJ5BVgdesKR46SvzhYMLMWkvtlSUKunutGq-2ceBsZ42c-OrQ6ZquQoUyD8&amp;__tn__=-]K-R\" target=\"_blank\" rel=\"noopener\">INGUAT<\/a>, CATCAMINOPOKOM y miembros de Casa de la Crepe, quienes realizar\u00e1n el Festival Gastron\u00f3mico Alta Verapaz el pr\u00f3ximo 10 y 11 de agosto del presente a\u00f1o, reafirmando su compromiso de impulsar la Gastronom\u00eda Altaverapacense.<\/p>\n<p><img decoding=\"async\" loading=\"lazy\" class=\"alignnone size-full wp-image-16346\" src=\"https:\/\/gobernacionaltaverapaz.gob.gt\/wp-content\/uploads\/2023\/08\/003-55.jpg\" alt=\"\" width=\"900\" height=\"552\" srcset=\"https:\/\/gobernacionaltaverapaz.gob.gt\/wp-content\/uploads\/2023\/08\/003-55.jpg 900w, https:\/\/gobernacionaltaverapaz.gob.gt\/wp-content\/uploads\/2023\/08\/003-55-300x184.jpg 300w, https:\/\/gobernacionaltaverapaz.gob.gt\/wp-content\/uploads\/2023\/08\/003-55-768x471.jpg 768w\" sizes=\"(max-width: 900px) 100vw, 900px\" \/> <img decoding=\"async\" loading=\"lazy\" class=\"alignnone size-full wp-image-16345\" src=\"https:\/\/gobernacionaltaverapaz.gob.gt\/wp-content\/uploads\/2023\/08\/002-94.jpg\" alt=\"\" width=\"900\" height=\"600\" srcset=\"https:\/\/gobernacionaltaverapaz.gob.gt\/wp-content\/uploads\/2023\/08\/002-94.jpg 900w, https:\/\/gobernacionaltaverapaz.gob.gt\/wp-content\/uploads\/2023\/08\/002-94-300x200.jpg 300w, https:\/\/gobernacionaltaverapaz.gob.gt\/wp-content\/uploads\/2023\/08\/002-94-768x512.jpg 768w\" sizes=\"(max-width: 900px) 100vw, 900px\" \/><\/p>\n","protected":false},"excerpt":{"rendered":"<p>#AltaVerapaz La Sra. Gobernadora Departamental de Alta Verapaz, se reuni\u00f3 con miembros del INGUAT, CATCAMINOPOKOM y miembros de Casa de la Crepe, quienes realizar\u00e1n el Festival Gastron\u00f3mico Alta Verapaz el pr\u00f3ximo 10 y 11 de agosto del presente a\u00f1o, reafirmando su compromiso de impulsar la Gastronom\u00eda Altaverapacense.<\/p>\n","protected":false},"author":1,"featured_media":16344,"comment_status":"closed","ping_status":"open","sticky":false,"template":"","format":"standard","meta":[],"categories":[183],"tags":[178],"_links":{"self":[{"href":"https:\/\/gobernacionaltaverapaz.gob.gt\/index.php?rest_route=\/wp\/v2\/posts\/16343"}],"collection":[{"href":"https:\/\/gobernacionaltaverapaz.gob.gt\/index.php?rest_route=\/wp\/v2\/posts"}],"about":[{"href":"https:\/\/gobernacionaltaverapaz.gob.gt\/index.php?rest_route=\/wp\/v2\/types\/post"}],"author":[{"embeddable":true,"href":"https:\/\/gobernacionaltaverapaz.gob.gt\/index.php?rest_route=\/wp\/v2\/users\/1"}],"replies":[{"embeddable":true,"href":"https:\/\/gobernacionaltaverapaz.gob.gt\/index.php?rest_route=%2Fwp%2Fv2%2Fcomments&post=16343"}],"version-history":[{"count":2,"href":"https:\/\/gobernacionaltaverapaz.gob.gt\/index.php?rest_route=\/wp\/v2\/posts\/16343\/revisions"}],"predecessor-version":[{"id":16348,"href":"https:\/\/gobernacionaltaverapaz.gob.gt\/index.php?rest_route=\/wp\/v2\/posts\/16343\/revisions\/16348"}],"wp:featuredmedia":[{"embeddable":true,"href":"https:\/\/gobernacionaltaverapaz.gob.gt\/index.php?rest_route=\/wp\/v2\/media\/16344"}],"wp:attachment":[{"href":"https:\/\/gobernacionaltaverapaz.gob.gt\/index.php?rest_route=%2Fwp%2Fv2%2Fmedia&parent=16343"}],"wp:term":[{"taxonomy":"category","embeddable":true,"href":"https:\/\/gobernacionaltaverapaz.gob.gt\/index.php?rest_route=%2Fwp%2Fv2%2Fcategories&post=16343"},{"taxonomy":"post_tag","embeddable":true,"href":"https:\/\/gobernacionaltaverapaz.gob.gt\/index.php?rest_route=%2Fwp%2Fv2%2Ftags&post=16343"}],"curies":[{"name":"wp","href":"https:\/\/api.w.org\/{rel}","templated":true}]}}