{"id":16373,"date":"2023-08-08T12:21:36","date_gmt":"2023-08-08T18:21:36","guid":{"rendered":"https:\/\/gobernacionaltaverapaz.gob.gt\/?p=16373"},"modified":"2023-08-08T14:32:01","modified_gmt":"2023-08-08T20:32:01","slug":"festival-gastronomico-cultural-alta-verapaz","status":"publish","type":"post","link":"https:\/\/gobernacionaltaverapaz.gob.gt\/?p=16373","title":{"rendered":"Festival Gastron\u00f3mico Cultural Alta Verapaz"},"content":{"rendered":"<p><a href=\"https:\/\/www.facebook.com\/hashtag\/altaverapaz?__eep__=6&amp;__cft__[0]=AZWzttnrO0zTS6Svz2hEYlEiJB_AYNm8x0iKx3ZkQ9oNrY-raBLMywdGVoRMCptX6i6MyeKE3fehz9YHGHLIaGRqKHGWsq7TchZmsRrhqcDprR_koXolkr7YWDljNpmoQwTUOuuoElmqDuDAvVCLN5dNSGSuVqvBzbFxDSySDDWdCvnzFHqptaSCnlUHgE5PdeQ&amp;__tn__=*NK-R\" target=\"_blank\" rel=\"noopener\">#AltaVerapaz<\/a><\/p>\n<p style=\"text-align: justify;\">El Instituto Guatemalteco de Turismo <a href=\"https:\/\/www.facebook.com\/inguat?__cft__[0]=AZWzttnrO0zTS6Svz2hEYlEiJB_AYNm8x0iKx3ZkQ9oNrY-raBLMywdGVoRMCptX6i6MyeKE3fehz9YHGHLIaGRqKHGWsq7TchZmsRrhqcDprR_koXolkr7YWDljNpmoQwTUOuuoElmqDuDAvVCLN5dNSGSuVqvBzbFxDSySDDWdCvnzFHqptaSCnlUHgE5PdeQ&amp;__tn__=-]K-R\" target=\"_blank\" rel=\"noopener\">INGUAT<\/a>\u00a0 en conjunto con el Comit\u00e9 de Autogesti\u00f3n Tur\u00edstica Camino POKOM\u00a0 desarrollar\u00e1 el Festival Gastron\u00f3mico Cultural Alta Verapaz, el pr\u00f3ximo 10 y 11 de agosto del presente a\u00f1o en Parque Central La Paz.<\/p>\n<p style=\"text-align: justify;\">Con el objetivo impulsar el valor de la Gastronom\u00eda regional y conmemorar el D\u00eda Mundial del Ma\u00edz.<\/p>\n<p style=\"text-align: justify;\">Los esperamos!<\/p>\n<p style=\"text-align: justify;\"><a href=\"https:\/\/www.facebook.com\/hashtag\/elgobdelosguatemaltecos?__eep__=6&amp;__cft__[0]=AZWzttnrO0zTS6Svz2hEYlEiJB_AYNm8x0iKx3ZkQ9oNrY-raBLMywdGVoRMCptX6i6MyeKE3fehz9YHGHLIaGRqKHGWsq7TchZmsRrhqcDprR_koXolkr7YWDljNpmoQwTUOuuoElmqDuDAvVCLN5dNSGSuVqvBzbFxDSySDDWdCvnzFHqptaSCnlUHgE5PdeQ&amp;__tn__=*NK-R\" target=\"_blank\" rel=\"noopener\">#ElGobDeLosGuatemaltecos<\/a><\/p>\n<p><img decoding=\"async\" loading=\"lazy\" class=\"size-full wp-image-16374 aligncenter\" src=\"https:\/\/gobernacionaltaverapaz.gob.gt\/wp-content\/uploads\/2023\/08\/001-105.jpg\" alt=\"\" width=\"900\" height=\"900\" srcset=\"https:\/\/gobernacionaltaverapaz.gob.gt\/wp-content\/uploads\/2023\/08\/001-105.jpg 900w, https:\/\/gobernacionaltaverapaz.gob.gt\/wp-content\/uploads\/2023\/08\/001-105-300x300.jpg 300w, https:\/\/gobernacionaltaverapaz.gob.gt\/wp-content\/uploads\/2023\/08\/001-105-150x150.jpg 150w, https:\/\/gobernacionaltaverapaz.gob.gt\/wp-content\/uploads\/2023\/08\/001-105-768x768.jpg 768w, https:\/\/gobernacionaltaverapaz.gob.gt\/wp-content\/uploads\/2023\/08\/001-105-80x80.jpg 80w\" sizes=\"(max-width: 900px) 100vw, 900px\" \/> <img decoding=\"async\" loading=\"lazy\" class=\"size-large wp-image-16375 aligncenter\" src=\"https:\/\/gobernacionaltaverapaz.gob.gt\/wp-content\/uploads\/2023\/08\/002-97.jpg\" alt=\"\" width=\"740\" height=\"740\" srcset=\"https:\/\/gobernacionaltaverapaz.gob.gt\/wp-content\/uploads\/2023\/08\/002-97.jpg 900w, https:\/\/gobernacionaltaverapaz.gob.gt\/wp-content\/uploads\/2023\/08\/002-97-300x300.jpg 300w, https:\/\/gobernacionaltaverapaz.gob.gt\/wp-content\/uploads\/2023\/08\/002-97-150x150.jpg 150w, https:\/\/gobernacionaltaverapaz.gob.gt\/wp-content\/uploads\/2023\/08\/002-97-768x768.jpg 768w, https:\/\/gobernacionaltaverapaz.gob.gt\/wp-content\/uploads\/2023\/08\/002-97-80x80.jpg 80w\" sizes=\"(max-width: 740px) 100vw, 740px\" \/> <img decoding=\"async\" loading=\"lazy\" class=\"size-large wp-image-16376 aligncenter\" src=\"https:\/\/gobernacionaltaverapaz.gob.gt\/wp-content\/uploads\/2023\/08\/003-57.jpg\" alt=\"\" width=\"600\" height=\"849\" srcset=\"https:\/\/gobernacionaltaverapaz.gob.gt\/wp-content\/uploads\/2023\/08\/003-57.jpg 600w, https:\/\/gobernacionaltaverapaz.gob.gt\/wp-content\/uploads\/2023\/08\/003-57-212x300.jpg 212w\" sizes=\"(max-width: 600px) 100vw, 600px\" \/> <img decoding=\"async\" loading=\"lazy\" class=\"size-large wp-image-16377 aligncenter\" src=\"https:\/\/gobernacionaltaverapaz.gob.gt\/wp-content\/uploads\/2023\/08\/004-41.jpg\" alt=\"\" width=\"740\" height=\"740\" srcset=\"https:\/\/gobernacionaltaverapaz.gob.gt\/wp-content\/uploads\/2023\/08\/004-41.jpg 900w, https:\/\/gobernacionaltaverapaz.gob.gt\/wp-content\/uploads\/2023\/08\/004-41-300x300.jpg 300w, https:\/\/gobernacionaltaverapaz.gob.gt\/wp-content\/uploads\/2023\/08\/004-41-150x150.jpg 150w, https:\/\/gobernacionaltaverapaz.gob.gt\/wp-content\/uploads\/2023\/08\/004-41-768x768.jpg 768w, https:\/\/gobernacionaltaverapaz.gob.gt\/wp-content\/uploads\/2023\/08\/004-41-80x80.jpg 80w\" sizes=\"(max-width: 740px) 100vw, 740px\" \/> <img decoding=\"async\" loading=\"lazy\" class=\"size-large wp-image-16378 aligncenter\" src=\"https:\/\/gobernacionaltaverapaz.gob.gt\/wp-content\/uploads\/2023\/08\/005-21.jpg\" alt=\"\" width=\"740\" height=\"740\" srcset=\"https:\/\/gobernacionaltaverapaz.gob.gt\/wp-content\/uploads\/2023\/08\/005-21.jpg 900w, https:\/\/gobernacionaltaverapaz.gob.gt\/wp-content\/uploads\/2023\/08\/005-21-300x300.jpg 300w, https:\/\/gobernacionaltaverapaz.gob.gt\/wp-content\/uploads\/2023\/08\/005-21-150x150.jpg 150w, https:\/\/gobernacionaltaverapaz.gob.gt\/wp-content\/uploads\/2023\/08\/005-21-768x768.jpg 768w, https:\/\/gobernacionaltaverapaz.gob.gt\/wp-content\/uploads\/2023\/08\/005-21-80x80.jpg 80w\" sizes=\"(max-width: 740px) 100vw, 740px\" \/><\/p>\n","protected":false},"excerpt":{"rendered":"<p>Con el objetivo impulsar el valor de la Gastronom\u00eda regional y conmemorar el D\u00eda Mundial del Ma\u00edz.<\/p>\n","protected":false},"author":1,"featured_media":16374,"comment_status":"closed","ping_status":"open","sticky":false,"template":"","format":"standard","meta":[],"categories":[183],"tags":[178],"_links":{"self":[{"href":"https:\/\/gobernacionaltaverapaz.gob.gt\/index.php?rest_route=\/wp\/v2\/posts\/16373"}],"collection":[{"href":"https:\/\/gobernacionaltaverapaz.gob.gt\/index.php?rest_route=\/wp\/v2\/posts"}],"about":[{"href":"https:\/\/gobernacionaltaverapaz.gob.gt\/index.php?rest_route=\/wp\/v2\/types\/post"}],"author":[{"embeddable":true,"href":"https:\/\/gobernacionaltaverapaz.gob.gt\/index.php?rest_route=\/wp\/v2\/users\/1"}],"replies":[{"embeddable":true,"href":"https:\/\/gobernacionaltaverapaz.gob.gt\/index.php?rest_route=%2Fwp%2Fv2%2Fcomments&post=16373"}],"version-history":[{"count":2,"href":"https:\/\/gobernacionaltaverapaz.gob.gt\/index.php?rest_route=\/wp\/v2\/posts\/16373\/revisions"}],"predecessor-version":[{"id":16380,"href":"https:\/\/gobernacionaltaverapaz.gob.gt\/index.php?rest_route=\/wp\/v2\/posts\/16373\/revisions\/16380"}],"wp:featuredmedia":[{"embeddable":true,"href":"https:\/\/gobernacionaltaverapaz.gob.gt\/index.php?rest_route=\/wp\/v2\/media\/16374"}],"wp:attachment":[{"href":"https:\/\/gobernacionaltaverapaz.gob.gt\/index.php?rest_route=%2Fwp%2Fv2%2Fmedia&parent=16373"}],"wp:term":[{"taxonomy":"category","embeddable":true,"href":"https:\/\/gobernacionaltaverapaz.gob.gt\/index.php?rest_route=%2Fwp%2Fv2%2Fcategories&post=16373"},{"taxonomy":"post_tag","embeddable":true,"href":"https:\/\/gobernacionaltaverapaz.gob.gt\/index.php?rest_route=%2Fwp%2Fv2%2Ftags&post=16373"}],"curies":[{"name":"wp","href":"https:\/\/api.w.org\/{rel}","templated":true}]}}