{"id":16381,"date":"2023-08-08T13:04:46","date_gmt":"2023-08-08T19:04:46","guid":{"rendered":"https:\/\/gobernacionaltaverapaz.gob.gt\/?p=16381"},"modified":"2026-01-11T22:15:36","modified_gmt":"2026-01-12T04:15:36","slug":"mesa-tecnica-con-autoridades-marn-copadeh-municipalidad-de-cahabon-y-cocodes","status":"publish","type":"post","link":"https:\/\/gobernacionaltaverapaz.gob.gt\/?p=16381","title":{"rendered":"Mesa t\u00e9cnica con autoridades MARN, COPADEH, Municipalidad de Cahab\u00f3n y COCODES"},"content":{"rendered":"<p style=\"text-align: justify;\"><a href=\"https:\/\/www.facebook.com\/hashtag\/altaverapaz?__eep__=6&amp;__cft__[0]=AZU1xCyuqtUUQR42ebuodvs5O1Pd3eeQxpH4mWP0IorJJ5Yh82VKT3bo6SwbxoCR6qkoSbzCJ6E-xFg71ekRMvX7CD2WY29erEm2eIZ-Q00CPbUmhxhD2uIL91bscBwst5CCjGLYnFiIFM69qhDSUdjC3qs2D2YhsyyxmKqj5F5Cdqt5DT86ieQrEYGVMP7Zwj0&amp;__tn__=*NK-R\" target=\"_blank\" rel=\"noopener\">#AltaVerapaz<\/a><\/p>\n<p style=\"text-align: justify;\">La Se\u00f1ora Gobernadora Departamental estuvo presente en una mesa t\u00e9cnica con autoridades<a href=\"https:\/\/www.facebook.com\/marngtambiente?__cft__[0]=AZU1xCyuqtUUQR42ebuodvs5O1Pd3eeQxpH4mWP0IorJJ5Yh82VKT3bo6SwbxoCR6qkoSbzCJ6E-xFg71ekRMvX7CD2WY29erEm2eIZ-Q00CPbUmhxhD2uIL91bscBwst5CCjGLYnFiIFM69qhDSUdjC3qs2D2YhsyyxmKqj5F5Cdqt5DT86ieQrEYGVMP7Zwj0&amp;__tn__=-]K-R\" target=\"_blank\" rel=\"noopener\"> MARN<\/a>, <a href=\"https:\/\/www.facebook.com\/hashtag\/copadeh?__eep__=6&amp;__cft__[0]=AZU1xCyuqtUUQR42ebuodvs5O1Pd3eeQxpH4mWP0IorJJ5Yh82VKT3bo6SwbxoCR6qkoSbzCJ6E-xFg71ekRMvX7CD2WY29erEm2eIZ-Q00CPbUmhxhD2uIL91bscBwst5CCjGLYnFiIFM69qhDSUdjC3qs2D2YhsyyxmKqj5F5Cdqt5DT86ieQrEYGVMP7Zwj0&amp;__tn__=*NK-R\" target=\"_blank\" rel=\"noopener\">#COPADEH<\/a>, Municipalidad de Cahab\u00f3n y cocodes de este municipio con el objetivo de darle seguimiento al procedimiento de cierre t\u00e9cnico del vertedero de desechos cielo abierto ubicado en la comunidad Marbach, y as\u00ed mismo la apertura del nuevo relleno sanitario en una nueva ubicaci\u00f3n.<\/p>\n<p><img decoding=\"async\" loading=\"lazy\" class=\"alignnone size-full wp-image-16383\" src=\"https:\/\/gobernacionaltaverapaz.gob.gt\/wp-content\/uploads\/2023\/08\/002-98.jpg\" alt=\"\" width=\"900\" height=\"600\" srcset=\"https:\/\/gobernacionaltaverapaz.gob.gt\/wp-content\/uploads\/2023\/08\/002-98.jpg 900w, https:\/\/gobernacionaltaverapaz.gob.gt\/wp-content\/uploads\/2023\/08\/002-98-300x200.jpg 300w, https:\/\/gobernacionaltaverapaz.gob.gt\/wp-content\/uploads\/2023\/08\/002-98-768x512.jpg 768w\" sizes=\"(max-width: 900px) 100vw, 900px\" \/> <img decoding=\"async\" loading=\"lazy\" class=\"alignnone size-full wp-image-16384\" src=\"https:\/\/gobernacionaltaverapaz.gob.gt\/wp-content\/uploads\/2023\/08\/003-58.jpg\" alt=\"\" width=\"900\" height=\"600\" srcset=\"https:\/\/gobernacionaltaverapaz.gob.gt\/wp-content\/uploads\/2023\/08\/003-58.jpg 900w, https:\/\/gobernacionaltaverapaz.gob.gt\/wp-content\/uploads\/2023\/08\/003-58-300x200.jpg 300w, https:\/\/gobernacionaltaverapaz.gob.gt\/wp-content\/uploads\/2023\/08\/003-58-768x512.jpg 768w\" sizes=\"(max-width: 900px) 100vw, 900px\" \/> <img decoding=\"async\" loading=\"lazy\" class=\"alignnone size-full wp-image-16385\" src=\"https:\/\/gobernacionaltaverapaz.gob.gt\/wp-content\/uploads\/2023\/08\/004-42.jpg\" alt=\"\" width=\"900\" height=\"600\" srcset=\"https:\/\/gobernacionaltaverapaz.gob.gt\/wp-content\/uploads\/2023\/08\/004-42.jpg 900w, https:\/\/gobernacionaltaverapaz.gob.gt\/wp-content\/uploads\/2023\/08\/004-42-300x200.jpg 300w, https:\/\/gobernacionaltaverapaz.gob.gt\/wp-content\/uploads\/2023\/08\/004-42-768x512.jpg 768w\" sizes=\"(max-width: 900px) 100vw, 900px\" \/><\/p>\n","protected":false},"excerpt":{"rendered":"<p>Con el objetivo de darle seguimiento al procedimiento de cierre t\u00e9cnico del vertedero de desechos cielo abierto ubicado en la comunidad Marbach, y as\u00ed mismo la apertura del nuevo relleno sanitario en una nueva ubicaci\u00f3n.<\/p>\n","protected":false},"author":1,"featured_media":16382,"comment_status":"closed","ping_status":"open","sticky":false,"template":"","format":"standard","meta":[],"categories":[214,1],"tags":[178],"_links":{"self":[{"href":"https:\/\/gobernacionaltaverapaz.gob.gt\/index.php?rest_route=\/wp\/v2\/posts\/16381"}],"collection":[{"href":"https:\/\/gobernacionaltaverapaz.gob.gt\/index.php?rest_route=\/wp\/v2\/posts"}],"about":[{"href":"https:\/\/gobernacionaltaverapaz.gob.gt\/index.php?rest_route=\/wp\/v2\/types\/post"}],"author":[{"embeddable":true,"href":"https:\/\/gobernacionaltaverapaz.gob.gt\/index.php?rest_route=\/wp\/v2\/users\/1"}],"replies":[{"embeddable":true,"href":"https:\/\/gobernacionaltaverapaz.gob.gt\/index.php?rest_route=%2Fwp%2Fv2%2Fcomments&post=16381"}],"version-history":[{"count":4,"href":"https:\/\/gobernacionaltaverapaz.gob.gt\/index.php?rest_route=\/wp\/v2\/posts\/16381\/revisions"}],"predecessor-version":[{"id":16389,"href":"https:\/\/gobernacionaltaverapaz.gob.gt\/index.php?rest_route=\/wp\/v2\/posts\/16381\/revisions\/16389"}],"wp:featuredmedia":[{"embeddable":true,"href":"https:\/\/gobernacionaltaverapaz.gob.gt\/index.php?rest_route=\/wp\/v2\/media\/16382"}],"wp:attachment":[{"href":"https:\/\/gobernacionaltaverapaz.gob.gt\/index.php?rest_route=%2Fwp%2Fv2%2Fmedia&parent=16381"}],"wp:term":[{"taxonomy":"category","embeddable":true,"href":"https:\/\/gobernacionaltaverapaz.gob.gt\/index.php?rest_route=%2Fwp%2Fv2%2Fcategories&post=16381"},{"taxonomy":"post_tag","embeddable":true,"href":"https:\/\/gobernacionaltaverapaz.gob.gt\/index.php?rest_route=%2Fwp%2Fv2%2Ftags&post=16381"}],"curies":[{"name":"wp","href":"https:\/\/api.w.org\/{rel}","templated":true}]}}