{"id":16419,"date":"2023-08-09T11:30:27","date_gmt":"2023-08-09T17:30:27","guid":{"rendered":"https:\/\/gobernacionaltaverapaz.gob.gt\/?p=16419"},"modified":"2023-08-09T14:24:33","modified_gmt":"2023-08-09T20:24:33","slug":"campana-nacional-de-prevencion-de-la-ceguera-y-sordera","status":"publish","type":"post","link":"https:\/\/gobernacionaltaverapaz.gob.gt\/?p=16419","title":{"rendered":"Campa\u00f1a Nacional de Prevenci\u00f3n de la Ceguera y Sordera"},"content":{"rendered":"<p style=\"text-align: justify;\">El Ministro de Gobernaci\u00f3n junto a\u00a0 Presidente del Benem\u00e9rito Comit\u00e9 Pro Ciegos y Sordos de Guatemala realizan el lanzamiento de la Campa\u00f1a Nacional de Prevenci\u00f3n de la Ceguera y Sordera. La actividad se desarrolla en un centro asistencial, zona 11 capitalina.<\/p>\n<p style=\"text-align: justify;\">La Presidente del Benem\u00e9rito Comit\u00e9 Pro Ciegos y Sordos de Guatemala se\u00f1ala que como parte del Programa de Prevenci\u00f3n de la Ceguera y Sordera ser\u00e1 impartido el taller de Tamizajes Visuales y Auditivos, dirigido al personal del Hospital de la\u00a0 <a href=\"https:\/\/www.facebook.com\/PoliciaNacionalCivildeGuatemala?__cft__[0]=AZUnledE0OmpB33VBpXsQhmsEEsbviPW32IMS6OKxT_Pt1lGCbWRUZHP12BUqAHPb_jQ4NX4hqyMMh0bDkMAhqMt5U1Ef_QhCkv_4x-asEEoRJgQNhyp2B26d49CJB3Ljl01FiOOwVlG4D5XS7o7LBwe7gN58vc-xuMxFr6HsXy0AY12sGYyKPQJifkcUYjt_cX_dsQgc7RqDS9PxXetKZqe&amp;__tn__=-]K-y-R\" target=\"_blank\" rel=\"noopener\">PNCdeGuatemala<\/a> y de la <a href=\"https:\/\/www.facebook.com\/UPCVGuatemala?__cft__[0]=AZUnledE0OmpB33VBpXsQhmsEEsbviPW32IMS6OKxT_Pt1lGCbWRUZHP12BUqAHPb_jQ4NX4hqyMMh0bDkMAhqMt5U1Ef_QhCkv_4x-asEEoRJgQNhyp2B26d49CJB3Ljl01FiOOwVlG4D5XS7o7LBwe7gN58vc-xuMxFr6HsXy0AY12sGYyKPQJifkcUYjt_cX_dsQgc7RqDS9PxXetKZqe&amp;__tn__=-]K-y-R\" target=\"_blank\" rel=\"noopener\">Unidad Para La Prevenci\u00f3n Comunitaria De La Violencia &#8211; UPCV<\/a>.<\/p>\n<p style=\"text-align: justify;\">El Titular de la Cartera del Interior manifiesta que con la firma de este convenio se permitir\u00e1 unificar esfuerzos para el desarrollo de acciones enfocadas a la prevenci\u00f3n de la discapacidad visual y auditiva en la poblaci\u00f3n en general.<\/p>\n<p style=\"text-align: justify;\">Las autoridades realizan un recorrido en las instalaciones del Hospital de Ojos y O\u00eddos &#8220;Dr. Rodolfo Robles Valverde&#8221;, para conocer los servicios que brinda a la ciudadan\u00eda.<\/p>\n<div><\/div>\n<p>&nbsp;<\/p>\n","protected":false},"excerpt":{"rendered":"<p>El Ministro de Gobernaci\u00f3n junto a\u00a0 Presidente del Benem\u00e9rito Comit\u00e9 Pro Ciegos y Sordos de Guatemala realizan el lanzamiento de la Campa\u00f1a Nacional de Prevenci\u00f3n de la Ceguera y Sordera. La actividad se desarrolla en un centro asistencial, zona 11 capitalina. La Presidente del Benem\u00e9rito Comit\u00e9 Pro Ciegos y Sordos de Guatemala se\u00f1ala que como [&hellip;]<\/p>\n","protected":false},"author":1,"featured_media":16424,"comment_status":"closed","ping_status":"open","sticky":false,"template":"","format":"gallery","meta":[],"categories":[2,5],"tags":[178],"_links":{"self":[{"href":"https:\/\/gobernacionaltaverapaz.gob.gt\/index.php?rest_route=\/wp\/v2\/posts\/16419"}],"collection":[{"href":"https:\/\/gobernacionaltaverapaz.gob.gt\/index.php?rest_route=\/wp\/v2\/posts"}],"about":[{"href":"https:\/\/gobernacionaltaverapaz.gob.gt\/index.php?rest_route=\/wp\/v2\/types\/post"}],"author":[{"embeddable":true,"href":"https:\/\/gobernacionaltaverapaz.gob.gt\/index.php?rest_route=\/wp\/v2\/users\/1"}],"replies":[{"embeddable":true,"href":"https:\/\/gobernacionaltaverapaz.gob.gt\/index.php?rest_route=%2Fwp%2Fv2%2Fcomments&post=16419"}],"version-history":[{"count":4,"href":"https:\/\/gobernacionaltaverapaz.gob.gt\/index.php?rest_route=\/wp\/v2\/posts\/16419\/revisions"}],"predecessor-version":[{"id":16430,"href":"https:\/\/gobernacionaltaverapaz.gob.gt\/index.php?rest_route=\/wp\/v2\/posts\/16419\/revisions\/16430"}],"wp:featuredmedia":[{"embeddable":true,"href":"https:\/\/gobernacionaltaverapaz.gob.gt\/index.php?rest_route=\/wp\/v2\/media\/16424"}],"wp:attachment":[{"href":"https:\/\/gobernacionaltaverapaz.gob.gt\/index.php?rest_route=%2Fwp%2Fv2%2Fmedia&parent=16419"}],"wp:term":[{"taxonomy":"category","embeddable":true,"href":"https:\/\/gobernacionaltaverapaz.gob.gt\/index.php?rest_route=%2Fwp%2Fv2%2Fcategories&post=16419"},{"taxonomy":"post_tag","embeddable":true,"href":"https:\/\/gobernacionaltaverapaz.gob.gt\/index.php?rest_route=%2Fwp%2Fv2%2Ftags&post=16419"}],"curies":[{"name":"wp","href":"https:\/\/api.w.org\/{rel}","templated":true}]}}