{"id":16431,"date":"2023-08-09T12:01:16","date_gmt":"2023-08-09T18:01:16","guid":{"rendered":"https:\/\/gobernacionaltaverapaz.gob.gt\/?p=16431"},"modified":"2023-08-09T14:42:19","modified_gmt":"2023-08-09T20:42:19","slug":"conferencia-de-prensa-sobre-el-reglamento-164-2021-y-sus-reformas","status":"publish","type":"post","link":"https:\/\/gobernacionaltaverapaz.gob.gt\/?p=16431","title":{"rendered":"Conferencia de prensa sobre el Reglamento 164-2021 y sus reformas"},"content":{"rendered":"<p style=\"text-align: justify;\"><a href=\"https:\/\/www.facebook.com\/hashtag\/somosmarn?__eep__=6&amp;__cft__[0]=AZXyCuTUIKURL0d1pTuI0EHCUKikiXPYj9EehaViT8RhxmXwyqaytMY9duQw7kidqq19vZiNnWXkeq3lR1bZxG6Hv52xDXJTjWCyxbslrZLiyFJxs0xXJBLRVDLCVOAGpHJvOqTt7JQA9sAj6-rigvo9dAptfXC1IFpGW9rv-R3tnISl9daO76sDTWCE7AHhQ_9qcm5Nt_PbAqdPyaGcZ5K4&amp;__tn__=*NK-y-R\" target=\"_blank\" rel=\"noopener\">#SomosMARN<\/a>\u00a0 | Conferencia de prensa sobre el Reglamento 164-2021 y sus reformas.<\/p>\n<p style=\"text-align: justify;\">El Ministerio de Ambiente y Recursos Naturales realiz\u00f3 una\u00a0 conferencia de prensa en compa\u00f1\u00eda\u00a0 del <a href=\"https:\/\/www.facebook.com\/MinisteriodeSaludPublicayAsistenciaSocial?__cft__[0]=AZXyCuTUIKURL0d1pTuI0EHCUKikiXPYj9EehaViT8RhxmXwyqaytMY9duQw7kidqq19vZiNnWXkeq3lR1bZxG6Hv52xDXJTjWCyxbslrZLiyFJxs0xXJBLRVDLCVOAGpHJvOqTt7JQA9sAj6-rigvo9dAptfXC1IFpGW9rv-R3tnISl9daO76sDTWCE7AHhQ_9qcm5Nt_PbAqdPyaGcZ5K4&amp;__tn__=-]K-y-R\" target=\"_blank\" rel=\"noopener\">Ministerio de Salud P\u00fablica y Asistencia Social<\/a> y\u00a0 la <a href=\"https:\/\/www.facebook.com\/ANAMGuatemala.org.gt?__cft__[0]=AZXyCuTUIKURL0d1pTuI0EHCUKikiXPYj9EehaViT8RhxmXwyqaytMY9duQw7kidqq19vZiNnWXkeq3lR1bZxG6Hv52xDXJTjWCyxbslrZLiyFJxs0xXJBLRVDLCVOAGpHJvOqTt7JQA9sAj6-rigvo9dAptfXC1IFpGW9rv-R3tnISl9daO76sDTWCE7AHhQ_9qcm5Nt_PbAqdPyaGcZ5K4&amp;__tn__=-]K-y-R\" target=\"_blank\" rel=\"noopener\">ANAM Guatemala<\/a> entes corresponsables,\u00a0 para dar a conocer las reformas del Reglamento 164-2021, siendo las siguientes:<\/p>\n<p style=\"text-align: justify;\"><strong>\ud835\ude3c\ud835\ude67\ud835\ude69\ud835\ude5e\u0301\ud835\ude58\ud835\ude6a\ud835\ude61\ud835\ude64 12: \ud835\ude3e\ud835\ude61\ud835\ude56\ud835\ude68\ud835\ude5e\ud835\ude5b\ud835\ude5e\ud835\ude58\ud835\ude56\ud835\ude58\ud835\ude5e\ud835\ude64\u0301\ud835\ude63<\/strong><\/p>\n<ul style=\"text-align: justify;\">\n<li>La Clasificaci\u00f3n Primaria<strong> (\ud835\udc28\ud835\udc2b\ud835\udc20\ud835\udc1a\u0301\ud835\udc27\ud835\udc22\ud835\udc1c\ud835\udc28\u00a0 \ud835\uddf2 \ud835\uddf6\ud835\uddfb\ud835\uddfc\ud835\uddff\ud835\uddf4\ud835\uddee\u0301\ud835\uddfb\ud835\uddf6\ud835\uddf0\ud835\uddfc)<\/strong> es obligatoria de agosto 2021 a febrero 2025.<\/li>\n<li>La\u00a0 Clasificaci\u00f3n Secundaria <strong>(\ud835\udc0e\ud835\udc2b\ud835\udc20\ud835\udc1a\u0301\ud835\udc27\ud835\udc22\ud835\udc1c\ud835\udc28, \ud835\udc0d\ud835\udc28 \ud835\udc2b\ud835\udc1e\ud835\udc1c\ud835\udc22\ud835\udc1c\ud835\udc25\ud835\udc1a\ud835\udc1b\ud835\udc25\ud835\udc1e y \ud835\udc11\ud835\udc1e\ud835\udc1c\ud835\udc22\ud835\udc1c\ud835\udc25\ud835\udc1a\ud835\udc1b\ud835\udc25\ud835\udc1e<\/strong> <strong>(\ud835\udc29\ud835\udc1a\ud835\udc29\ud835\udc1e\ud835\udc25 \ud835\udc32 \ud835\udc1c\ud835\udc1a\ud835\udc2b\ud835\udc2d\ud835\udc28\u0301\ud835\udc27, \ud835\udc2f\ud835\udc22\ud835\udc1d\ud835\udc2b\ud835\udc22\ud835\udc28, \ud835\udc29\ud835\udc25\ud835\udc1a\u0301\ud835\udc2c\ud835\udc2d\ud835\udc22\ud835\udc1c\ud835\udc28, \ud835\udc26\ud835\udc1e\ud835\udc2d\ud835\udc1a\ud835\udc25 \ud835\udc32 \ud835\udc26\ud835\udc2e\ud835\udc25\ud835\udc2d\ud835\udc22\ud835\udc1c\ud835\udc1a\ud835\udc29\ud835\udc1a)<\/strong> ser\u00e1 obligatoria en todo el territorio nacional a partir del 11 de febrero de 2025,<\/li>\n<li>Las municipalidades podr\u00e1n establecer una clasificaci\u00f3n secundaria extendida<\/li>\n<\/ul>\n<p style=\"text-align: justify;\"><strong>\ud835\ude3c\ud835\ude67\ud835\ude69\ud835\ude5e\u0301\ud835\ude58\ud835\ude6a\ud835\ude61\ud835\ude64 17. \ud835\ude4d\ud835\ude5a\ud835\ude58\ud835\ude64\ud835\ude61\ud835\ude5a\ud835\ude58\ud835\ude58\ud835\ude5e\ud835\ude64\u0301\ud835\ude63 \ud835\ude6e \ud835\ude4f\ud835\ude67\ud835\ude56\ud835\ude63\ud835\ude68\ud835\ude65\ud835\ude64\ud835\ude67\ud835\ude69\ud835\ude5a<\/strong><\/p>\n<ul style=\"text-align: justify;\">\n<li>Deben ser dedicados para las actividades de recolecci\u00f3n y transporte de residuos y desechos s\u00f3lidos comunes,<\/li>\n<li>La carrocer\u00eda debe estar construida con materiales s\u00f3lidos y con protecci\u00f3n a la corrosi\u00f3n,<\/li>\n<li>Se debe garantizar que no existan derrames de lixiviados (l\u00edquidos) hacia el exterior durante el transporte de los residuos y desechos s\u00f3lidos comunes<\/li>\n<li>Deben estar plenamente identificados, por medio de rotulaci\u00f3n visible<\/li>\n<li>Su capacidad debe exceder la cantidad prevista de residuos y desechos s\u00f3lidos comunes a recolectar en un m\u00ednimo de 25% , seg\u00fan la frecuencia de recolecci\u00f3n establecida.<\/li>\n<li>La reforma del <strong>\ud835\ude3c\ud835\ude67\ud835\ude69\ud835\ude5e\u0301\ud835\ude58\ud835\ude6a\ud835\ude61\ud835\ude64 64<\/strong> consiste en que los entes tendr\u00e1n 18 meses para realizar acciones incluidas en el Plan de Adaptaci\u00f3n. Teniendo como fecha l\u00edmite para adaptarse a sus obligaciones el 11 de febrero 2025<\/li>\n<\/ul>\n<div style=\"text-align: justify;\"><\/div>\n","protected":false},"excerpt":{"rendered":"<p>#SomosMARN\u00a0 | Conferencia de prensa sobre el Reglamento 164-2021 y sus reformas. El Ministerio de Ambiente y Recursos Naturales realiz\u00f3 una\u00a0 conferencia de prensa en compa\u00f1\u00eda\u00a0 del Ministerio de Salud P\u00fablica y Asistencia Social y\u00a0 la ANAM Guatemala entes corresponsables,\u00a0 para dar a conocer las reformas del Reglamento 164-2021, siendo las siguientes: \ud835\ude3c\ud835\ude67\ud835\ude69\ud835\ude5e\u0301\ud835\ude58\ud835\ude6a\ud835\ude61\ud835\ude64 12: \ud835\ude3e\ud835\ude61\ud835\ude56\ud835\ude68\ud835\ude5e\ud835\ude5b\ud835\ude5e\ud835\ude58\ud835\ude56\ud835\ude58\ud835\ude5e\ud835\ude64\u0301\ud835\ude63 [&hellip;]<\/p>\n","protected":false},"author":1,"featured_media":16435,"comment_status":"closed","ping_status":"open","sticky":false,"template":"","format":"gallery","meta":[],"categories":[6],"tags":[178],"_links":{"self":[{"href":"https:\/\/gobernacionaltaverapaz.gob.gt\/index.php?rest_route=\/wp\/v2\/posts\/16431"}],"collection":[{"href":"https:\/\/gobernacionaltaverapaz.gob.gt\/index.php?rest_route=\/wp\/v2\/posts"}],"about":[{"href":"https:\/\/gobernacionaltaverapaz.gob.gt\/index.php?rest_route=\/wp\/v2\/types\/post"}],"author":[{"embeddable":true,"href":"https:\/\/gobernacionaltaverapaz.gob.gt\/index.php?rest_route=\/wp\/v2\/users\/1"}],"replies":[{"embeddable":true,"href":"https:\/\/gobernacionaltaverapaz.gob.gt\/index.php?rest_route=%2Fwp%2Fv2%2Fcomments&post=16431"}],"version-history":[{"count":3,"href":"https:\/\/gobernacionaltaverapaz.gob.gt\/index.php?rest_route=\/wp\/v2\/posts\/16431\/revisions"}],"predecessor-version":[{"id":16438,"href":"https:\/\/gobernacionaltaverapaz.gob.gt\/index.php?rest_route=\/wp\/v2\/posts\/16431\/revisions\/16438"}],"wp:featuredmedia":[{"embeddable":true,"href":"https:\/\/gobernacionaltaverapaz.gob.gt\/index.php?rest_route=\/wp\/v2\/media\/16435"}],"wp:attachment":[{"href":"https:\/\/gobernacionaltaverapaz.gob.gt\/index.php?rest_route=%2Fwp%2Fv2%2Fmedia&parent=16431"}],"wp:term":[{"taxonomy":"category","embeddable":true,"href":"https:\/\/gobernacionaltaverapaz.gob.gt\/index.php?rest_route=%2Fwp%2Fv2%2Fcategories&post=16431"},{"taxonomy":"post_tag","embeddable":true,"href":"https:\/\/gobernacionaltaverapaz.gob.gt\/index.php?rest_route=%2Fwp%2Fv2%2Ftags&post=16431"}],"curies":[{"name":"wp","href":"https:\/\/api.w.org\/{rel}","templated":true}]}}