{"id":16440,"date":"2023-08-09T14:06:28","date_gmt":"2023-08-09T20:06:28","guid":{"rendered":"https:\/\/gobernacionaltaverapaz.gob.gt\/?p=16440"},"modified":"2026-01-11T22:15:36","modified_gmt":"2026-01-12T04:15:36","slug":"canciller-recibio-las-credenciales-del-nuevo-delegado-de-unicef","status":"publish","type":"post","link":"https:\/\/gobernacionaltaverapaz.gob.gt\/?p=16440","title":{"rendered":"Canciller recibi\u00f3 las Credenciales del nuevo Delegado de UNICEF"},"content":{"rendered":"<p style=\"text-align: justify;\">El <a href=\"https:\/\/www.facebook.com\/hashtag\/cancillergt?__eep__=6&amp;__cft__[0]=AZXZNISG6U6PBEfu12dX5AUtWBdV6L9qEgP8FtA9KLEH-ZyUbTEYHsI1_ZhumqPUwZnr9UFDQV51c4caFi-e-n3hHcHd1q601wjMEGqoHcS5fkIKx7pg6ZkjVz6rPzHf24Go_exzifSaXLbrg5ZK8HqqNlRi5W7wBDb4WsSGDPdYI2MG9deFBKpCJOabUz_VbMf6gCTxhehd-ORVOMk3umv8&amp;__tn__=*NK-y-R\" target=\"_blank\" rel=\"noopener\">#CancillerGT<\/a> recibi\u00f3 las Credenciales del nuevo Delegado de <a href=\"https:\/\/www.facebook.com\/hashtag\/unicef?__eep__=6&amp;__cft__[0]=AZXZNISG6U6PBEfu12dX5AUtWBdV6L9qEgP8FtA9KLEH-ZyUbTEYHsI1_ZhumqPUwZnr9UFDQV51c4caFi-e-n3hHcHd1q601wjMEGqoHcS5fkIKx7pg6ZkjVz6rPzHf24Go_exzifSaXLbrg5ZK8HqqNlRi5W7wBDb4WsSGDPdYI2MG9deFBKpCJOabUz_VbMf6gCTxhehd-ORVOMk3umv8&amp;__tn__=*NK-y-R\" target=\"_blank\" rel=\"noopener\">#UNICEF<\/a> en, Manuel Rodr\u00edguez, quien transmiti\u00f3 al <a href=\"https:\/\/www.facebook.com\/MinexGt?__cft__[0]=AZXZNISG6U6PBEfu12dX5AUtWBdV6L9qEgP8FtA9KLEH-ZyUbTEYHsI1_ZhumqPUwZnr9UFDQV51c4caFi-e-n3hHcHd1q601wjMEGqoHcS5fkIKx7pg6ZkjVz6rPzHf24Go_exzifSaXLbrg5ZK8HqqNlRi5W7wBDb4WsSGDPdYI2MG9deFBKpCJOabUz_VbMf6gCTxhehd-ORVOMk3umv8&amp;__tn__=-]K-y-R\" target=\"_blank\" rel=\"noopener\">Minex Guatemala<\/a> su compromiso por seguir fortaleciendo la labor de UNICEF en favor de los derechos de la ni\u00f1ez y la adolescencia, trabajando conjuntamente con Guatemala.<\/p>\n<p><img decoding=\"async\" loading=\"lazy\" class=\"alignnone size-full wp-image-16441\" src=\"https:\/\/gobernacionaltaverapaz.gob.gt\/wp-content\/uploads\/2023\/08\/001-114.jpg\" alt=\"\" width=\"900\" height=\"848\" srcset=\"https:\/\/gobernacionaltaverapaz.gob.gt\/wp-content\/uploads\/2023\/08\/001-114.jpg 900w, https:\/\/gobernacionaltaverapaz.gob.gt\/wp-content\/uploads\/2023\/08\/001-114-300x283.jpg 300w, https:\/\/gobernacionaltaverapaz.gob.gt\/wp-content\/uploads\/2023\/08\/001-114-768x724.jpg 768w\" sizes=\"(max-width: 900px) 100vw, 900px\" \/><\/p>\n","protected":false},"excerpt":{"rendered":"<p>El #CancillerGT recibi\u00f3 las Credenciales del nuevo Delegado de #UNICEF en, Manuel Rodr\u00edguez, quien transmiti\u00f3 al Minex Guatemala su compromiso por seguir fortaleciendo la labor de UNICEF en favor de los derechos de la ni\u00f1ez y la adolescencia, trabajando conjuntamente con Guatemala.<\/p>\n","protected":false},"author":1,"featured_media":16441,"comment_status":"closed","ping_status":"open","sticky":false,"template":"","format":"standard","meta":[],"categories":[214,1],"tags":[178],"_links":{"self":[{"href":"https:\/\/gobernacionaltaverapaz.gob.gt\/index.php?rest_route=\/wp\/v2\/posts\/16440"}],"collection":[{"href":"https:\/\/gobernacionaltaverapaz.gob.gt\/index.php?rest_route=\/wp\/v2\/posts"}],"about":[{"href":"https:\/\/gobernacionaltaverapaz.gob.gt\/index.php?rest_route=\/wp\/v2\/types\/post"}],"author":[{"embeddable":true,"href":"https:\/\/gobernacionaltaverapaz.gob.gt\/index.php?rest_route=\/wp\/v2\/users\/1"}],"replies":[{"embeddable":true,"href":"https:\/\/gobernacionaltaverapaz.gob.gt\/index.php?rest_route=%2Fwp%2Fv2%2Fcomments&post=16440"}],"version-history":[{"count":1,"href":"https:\/\/gobernacionaltaverapaz.gob.gt\/index.php?rest_route=\/wp\/v2\/posts\/16440\/revisions"}],"predecessor-version":[{"id":16442,"href":"https:\/\/gobernacionaltaverapaz.gob.gt\/index.php?rest_route=\/wp\/v2\/posts\/16440\/revisions\/16442"}],"wp:featuredmedia":[{"embeddable":true,"href":"https:\/\/gobernacionaltaverapaz.gob.gt\/index.php?rest_route=\/wp\/v2\/media\/16441"}],"wp:attachment":[{"href":"https:\/\/gobernacionaltaverapaz.gob.gt\/index.php?rest_route=%2Fwp%2Fv2%2Fmedia&parent=16440"}],"wp:term":[{"taxonomy":"category","embeddable":true,"href":"https:\/\/gobernacionaltaverapaz.gob.gt\/index.php?rest_route=%2Fwp%2Fv2%2Fcategories&post=16440"},{"taxonomy":"post_tag","embeddable":true,"href":"https:\/\/gobernacionaltaverapaz.gob.gt\/index.php?rest_route=%2Fwp%2Fv2%2Ftags&post=16440"}],"curies":[{"name":"wp","href":"https:\/\/api.w.org\/{rel}","templated":true}]}}