{"id":16455,"date":"2023-08-09T20:02:17","date_gmt":"2023-08-10T02:02:17","guid":{"rendered":"https:\/\/gobernacionaltaverapaz.gob.gt\/?p=16455"},"modified":"2026-01-11T22:15:36","modified_gmt":"2026-01-12T04:15:36","slug":"presidente-alejandro-giammattei-sostuvo-una-reunion-con-la-titular-de-segeplan","status":"publish","type":"post","link":"https:\/\/gobernacionaltaverapaz.gob.gt\/?p=16455","title":{"rendered":"Presidente Alejandro Giammattei sostuvo una reuni\u00f3n con la titular de SEGEPLAN"},"content":{"rendered":"<p style=\"text-align: justify;\">El presidente <a href=\"https:\/\/www.facebook.com\/AlejandroGiammattei?__cft__[0]=AZU0036WqF7J9y1a1f04eFOhtMLbqyL55m_E3QakEuhnXyYGL1krCbcRud4SOdv_g5rdQ48PqlDtJUhG24CKre489Jpniy5jWoRUSsS4hmVfcSK3S4f7ltXim6nei1iBMvjjcB1yM3dbW0t0fsw487R9NZtmKqONBUJXBqcciIdW_S6ejPT6buxxDIr0_8BBO0iN1UPLLACByxVXcPFUqJQX&amp;__tn__=-]K-y-R\" target=\"_blank\" rel=\"noopener\">Alejandro Giammattei<\/a> sostuvo una reuni\u00f3n con la titular de <a href=\"https:\/\/www.facebook.com\/SegeplanGT?__cft__[0]=AZU0036WqF7J9y1a1f04eFOhtMLbqyL55m_E3QakEuhnXyYGL1krCbcRud4SOdv_g5rdQ48PqlDtJUhG24CKre489Jpniy5jWoRUSsS4hmVfcSK3S4f7ltXim6nei1iBMvjjcB1yM3dbW0t0fsw487R9NZtmKqONBUJXBqcciIdW_S6ejPT6buxxDIr0_8BBO0iN1UPLLACByxVXcPFUqJQX&amp;__tn__=-]K-y-R\" target=\"_blank\" rel=\"noopener\">SEGEPLAN Guatemala<\/a>,\u00a0 <a href=\"https:\/\/www.facebook.com\/KeilaGVilchez?__cft__[0]=AZU0036WqF7J9y1a1f04eFOhtMLbqyL55m_E3QakEuhnXyYGL1krCbcRud4SOdv_g5rdQ48PqlDtJUhG24CKre489Jpniy5jWoRUSsS4hmVfcSK3S4f7ltXim6nei1iBMvjjcB1yM3dbW0t0fsw487R9NZtmKqONBUJXBqcciIdW_S6ejPT6buxxDIr0_8BBO0iN1UPLLACByxVXcPFUqJQX&amp;__tn__=-]K-y-R\" target=\"_blank\" rel=\"noopener\">Luz Keila Vilchez<\/a>, en la cual dialogaron sobre el Informe de <a href=\"https:\/\/www.facebook.com\/hashtag\/transici%C3%B3ngt?__eep__=6&amp;__cft__[0]=AZU0036WqF7J9y1a1f04eFOhtMLbqyL55m_E3QakEuhnXyYGL1krCbcRud4SOdv_g5rdQ48PqlDtJUhG24CKre489Jpniy5jWoRUSsS4hmVfcSK3S4f7ltXim6nei1iBMvjjcB1yM3dbW0t0fsw487R9NZtmKqONBUJXBqcciIdW_S6ejPT6buxxDIr0_8BBO0iN1UPLLACByxVXcPFUqJQX&amp;__tn__=*NK-y-R\" target=\"_blank\" rel=\"noopener\">#Transici\u00f3nGT<\/a>, la cartera de inversi\u00f3n p\u00fablica y pol\u00edticas p\u00fablicas para dar seguimiento a los temas del \u00f3rgano de planificaci\u00f3n del Estado.<\/p>\n<p><img decoding=\"async\" loading=\"lazy\" class=\"alignnone size-full wp-image-16457\" src=\"https:\/\/gobernacionaltaverapaz.gob.gt\/wp-content\/uploads\/2023\/08\/002-107.jpg\" alt=\"\" width=\"900\" height=\"600\" srcset=\"https:\/\/gobernacionaltaverapaz.gob.gt\/wp-content\/uploads\/2023\/08\/002-107.jpg 900w, https:\/\/gobernacionaltaverapaz.gob.gt\/wp-content\/uploads\/2023\/08\/002-107-300x200.jpg 300w, https:\/\/gobernacionaltaverapaz.gob.gt\/wp-content\/uploads\/2023\/08\/002-107-768x512.jpg 768w\" sizes=\"(max-width: 900px) 100vw, 900px\" \/><\/p>\n<p><a class=\"x1i10hfl xjbqb8w x6umtig x1b1mbwd xaqea5y xav7gou x9f619 x1ypdohk xt0psk2 xe8uvvx xdj266r x11i5rnm xat24cr x1mh8g0r xexx8yu x4uap5 x18d9i69 xkhd6sd x16tdsg8 x1hl2dhg xggy1nq x1a2a7pz xt0b8zv x1qq9wsj xo1l8bm\" tabindex=\"0\" role=\"link\" href=\"https:\/\/www.facebook.com\/guatemalagob?__cft__[0]=AZU0036WqF7J9y1a1f04eFOhtMLbqyL55m_E3QakEuhnXyYGL1krCbcRud4SOdv_g5rdQ48PqlDtJUhG24CKre489Jpniy5jWoRUSsS4hmVfcSK3S4f7ltXim6nei1iBMvjjcB1yM3dbW0t0fsw487R9NZtmKqONBUJXBqcciIdW_S6ejPT6buxxDIr0_8BBO0iN1UPLLACByxVXcPFUqJQX&amp;__tn__=-]K-R\" target=\"_blank\" rel=\"noopener\"><span class=\"xt0psk2\">Gobierno de Guatemala<\/span><\/a><\/p>\n","protected":false},"excerpt":{"rendered":"<p>El presidente Alejandro Giammattei sostuvo una reuni\u00f3n con la titular de SEGEPLAN Guatemala,\u00a0 Luz Keila Vilchez, en la cual dialogaron sobre el Informe de #Transici\u00f3nGT, la cartera de inversi\u00f3n p\u00fablica y pol\u00edticas p\u00fablicas para dar seguimiento a los temas del \u00f3rgano de planificaci\u00f3n del Estado. Gobierno de Guatemala<\/p>\n","protected":false},"author":1,"featured_media":16456,"comment_status":"closed","ping_status":"open","sticky":false,"template":"","format":"standard","meta":[],"categories":[214,1],"tags":[178],"_links":{"self":[{"href":"https:\/\/gobernacionaltaverapaz.gob.gt\/index.php?rest_route=\/wp\/v2\/posts\/16455"}],"collection":[{"href":"https:\/\/gobernacionaltaverapaz.gob.gt\/index.php?rest_route=\/wp\/v2\/posts"}],"about":[{"href":"https:\/\/gobernacionaltaverapaz.gob.gt\/index.php?rest_route=\/wp\/v2\/types\/post"}],"author":[{"embeddable":true,"href":"https:\/\/gobernacionaltaverapaz.gob.gt\/index.php?rest_route=\/wp\/v2\/users\/1"}],"replies":[{"embeddable":true,"href":"https:\/\/gobernacionaltaverapaz.gob.gt\/index.php?rest_route=%2Fwp%2Fv2%2Fcomments&post=16455"}],"version-history":[{"count":2,"href":"https:\/\/gobernacionaltaverapaz.gob.gt\/index.php?rest_route=\/wp\/v2\/posts\/16455\/revisions"}],"predecessor-version":[{"id":16459,"href":"https:\/\/gobernacionaltaverapaz.gob.gt\/index.php?rest_route=\/wp\/v2\/posts\/16455\/revisions\/16459"}],"wp:featuredmedia":[{"embeddable":true,"href":"https:\/\/gobernacionaltaverapaz.gob.gt\/index.php?rest_route=\/wp\/v2\/media\/16456"}],"wp:attachment":[{"href":"https:\/\/gobernacionaltaverapaz.gob.gt\/index.php?rest_route=%2Fwp%2Fv2%2Fmedia&parent=16455"}],"wp:term":[{"taxonomy":"category","embeddable":true,"href":"https:\/\/gobernacionaltaverapaz.gob.gt\/index.php?rest_route=%2Fwp%2Fv2%2Fcategories&post=16455"},{"taxonomy":"post_tag","embeddable":true,"href":"https:\/\/gobernacionaltaverapaz.gob.gt\/index.php?rest_route=%2Fwp%2Fv2%2Ftags&post=16455"}],"curies":[{"name":"wp","href":"https:\/\/api.w.org\/{rel}","templated":true}]}}