{"id":16460,"date":"2023-08-09T20:49:32","date_gmt":"2023-08-10T02:49:32","guid":{"rendered":"https:\/\/gobernacionaltaverapaz.gob.gt\/?p=16460"},"modified":"2023-08-10T09:37:02","modified_gmt":"2023-08-10T15:37:02","slug":"reporte-nacional-22","status":"publish","type":"post","link":"https:\/\/gobernacionaltaverapaz.gob.gt\/?p=16460","title":{"rendered":"Reporte Nacional"},"content":{"rendered":"<p><a href=\"https:\/\/www.facebook.com\/guatemalagob\/videos\/271584908925763\/\" target=\"_blank\" rel=\"noopener\"><img decoding=\"async\" loading=\"lazy\" class=\"alignnone wp-image-16462 size-full\" title=\"Ver video\" src=\"https:\/\/gobernacionaltaverapaz.gob.gt\/wp-content\/uploads\/2023\/08\/002-108.jpg\" alt=\"\" width=\"900\" height=\"600\" srcset=\"https:\/\/gobernacionaltaverapaz.gob.gt\/wp-content\/uploads\/2023\/08\/002-108.jpg 900w, https:\/\/gobernacionaltaverapaz.gob.gt\/wp-content\/uploads\/2023\/08\/002-108-300x200.jpg 300w, https:\/\/gobernacionaltaverapaz.gob.gt\/wp-content\/uploads\/2023\/08\/002-108-768x512.jpg 768w\" sizes=\"(max-width: 900px) 100vw, 900px\" \/><\/a><\/p>\n<p><a href=\"https:\/\/www.facebook.com\/hashtag\/reportenacional?__eep__=6&amp;__cft__[0]=AZUHsnVy_6UmElhg7RxZfes4yK0rFVSnn6dFvAe6NkBd5D4Bght36MAdK3ei1T_hRihkXSl1TDKW2MX2LDMzIiRo7G8J_5GmbDBy5RvicbmzgFwtdbN_wHVSGEIqDMcStqiZsVd9fJyRiI6hAAV9jmkY9cXTJ0sF1wvXVEwyHRcXq9RrrILq7SeYBFjLwszYk9fPs2xgAojBGRc5YX2RGx4O&amp;__tn__=*NK-y-R\" target=\"_blank\" rel=\"noopener\">#ReporteNacional<\/a> | 09 de agosto de 2023<\/p>\n<ul>\n<li>Delegaci\u00f3n de Corea visita Guatemala para impulsar la educaci\u00f3n digital<\/li>\n<li><a href=\"https:\/\/www.facebook.com\/MineducGuate?__cft__[0]=AZUHsnVy_6UmElhg7RxZfes4yK0rFVSnn6dFvAe6NkBd5D4Bght36MAdK3ei1T_hRihkXSl1TDKW2MX2LDMzIiRo7G8J_5GmbDBy5RvicbmzgFwtdbN_wHVSGEIqDMcStqiZsVd9fJyRiI6hAAV9jmkY9cXTJ0sF1wvXVEwyHRcXq9RrrILq7SeYBFjLwszYk9fPs2xgAojBGRc5YX2RGx4O&amp;__tn__=-]K-y-R\" target=\"_blank\" rel=\"noopener\">Ministerio de Educaci\u00f3n de Guatemala (P\u00e1gina Oficial)<\/a> entrega computadoras en el INEB<\/li>\n<li>Publican reformas al <a href=\"https:\/\/www.facebook.com\/hashtag\/reglamento164?__eep__=6&amp;__cft__[0]=AZUHsnVy_6UmElhg7RxZfes4yK0rFVSnn6dFvAe6NkBd5D4Bght36MAdK3ei1T_hRihkXSl1TDKW2MX2LDMzIiRo7G8J_5GmbDBy5RvicbmzgFwtdbN_wHVSGEIqDMcStqiZsVd9fJyRiI6hAAV9jmkY9cXTJ0sF1wvXVEwyHRcXq9RrrILq7SeYBFjLwszYk9fPs2xgAojBGRc5YX2RGx4O&amp;__tn__=*NK-y-R\" target=\"_blank\" rel=\"noopener\">#Reglamento164<\/a><\/li>\n<li>Presidente <a href=\"https:\/\/www.facebook.com\/AlejandroGiammattei?__cft__[0]=AZUHsnVy_6UmElhg7RxZfes4yK0rFVSnn6dFvAe6NkBd5D4Bght36MAdK3ei1T_hRihkXSl1TDKW2MX2LDMzIiRo7G8J_5GmbDBy5RvicbmzgFwtdbN_wHVSGEIqDMcStqiZsVd9fJyRiI6hAAV9jmkY9cXTJ0sF1wvXVEwyHRcXq9RrrILq7SeYBFjLwszYk9fPs2xgAojBGRc5YX2RGx4O&amp;__tn__=-]K-y-R\" target=\"_blank\" rel=\"noopener\">Alejandro Giammattei<\/a> da seguimiento al proceso de <a href=\"https:\/\/www.facebook.com\/hashtag\/transici%C3%B3ngt?__eep__=6&amp;__cft__[0]=AZUHsnVy_6UmElhg7RxZfes4yK0rFVSnn6dFvAe6NkBd5D4Bght36MAdK3ei1T_hRihkXSl1TDKW2MX2LDMzIiRo7G8J_5GmbDBy5RvicbmzgFwtdbN_wHVSGEIqDMcStqiZsVd9fJyRiI6hAAV9jmkY9cXTJ0sF1wvXVEwyHRcXq9RrrILq7SeYBFjLwszYk9fPs2xgAojBGRc5YX2RGx4O&amp;__tn__=*NK-y-R\" target=\"_blank\" rel=\"noopener\">#Transici\u00f3nGT<\/a><\/li>\n<\/ul>\n","protected":false},"excerpt":{"rendered":"<p>#ReporteNacional | 09 de agosto de 2023 Delegaci\u00f3n de Corea visita Guatemala para impulsar la educaci\u00f3n digital Ministerio de Educaci\u00f3n de Guatemala (P\u00e1gina Oficial) entrega computadoras en el INEB Publican reformas al #Reglamento164 Presidente Alejandro Giammattei da seguimiento al proceso de #Transici\u00f3nGT<\/p>\n","protected":false},"author":1,"featured_media":16461,"comment_status":"closed","ping_status":"open","sticky":false,"template":"","format":"video","meta":[],"categories":[2,205],"tags":[178],"_links":{"self":[{"href":"https:\/\/gobernacionaltaverapaz.gob.gt\/index.php?rest_route=\/wp\/v2\/posts\/16460"}],"collection":[{"href":"https:\/\/gobernacionaltaverapaz.gob.gt\/index.php?rest_route=\/wp\/v2\/posts"}],"about":[{"href":"https:\/\/gobernacionaltaverapaz.gob.gt\/index.php?rest_route=\/wp\/v2\/types\/post"}],"author":[{"embeddable":true,"href":"https:\/\/gobernacionaltaverapaz.gob.gt\/index.php?rest_route=\/wp\/v2\/users\/1"}],"replies":[{"embeddable":true,"href":"https:\/\/gobernacionaltaverapaz.gob.gt\/index.php?rest_route=%2Fwp%2Fv2%2Fcomments&post=16460"}],"version-history":[{"count":1,"href":"https:\/\/gobernacionaltaverapaz.gob.gt\/index.php?rest_route=\/wp\/v2\/posts\/16460\/revisions"}],"predecessor-version":[{"id":16463,"href":"https:\/\/gobernacionaltaverapaz.gob.gt\/index.php?rest_route=\/wp\/v2\/posts\/16460\/revisions\/16463"}],"wp:featuredmedia":[{"embeddable":true,"href":"https:\/\/gobernacionaltaverapaz.gob.gt\/index.php?rest_route=\/wp\/v2\/media\/16461"}],"wp:attachment":[{"href":"https:\/\/gobernacionaltaverapaz.gob.gt\/index.php?rest_route=%2Fwp%2Fv2%2Fmedia&parent=16460"}],"wp:term":[{"taxonomy":"category","embeddable":true,"href":"https:\/\/gobernacionaltaverapaz.gob.gt\/index.php?rest_route=%2Fwp%2Fv2%2Fcategories&post=16460"},{"taxonomy":"post_tag","embeddable":true,"href":"https:\/\/gobernacionaltaverapaz.gob.gt\/index.php?rest_route=%2Fwp%2Fv2%2Ftags&post=16460"}],"curies":[{"name":"wp","href":"https:\/\/api.w.org\/{rel}","templated":true}]}}