{"id":16503,"date":"2023-08-10T15:06:38","date_gmt":"2023-08-10T21:06:38","guid":{"rendered":"https:\/\/gobernacionaltaverapaz.gob.gt\/?p=16503"},"modified":"2023-08-10T16:15:55","modified_gmt":"2023-08-10T22:15:55","slug":"acto-protocolario-del-festival-gastronomico","status":"publish","type":"post","link":"https:\/\/gobernacionaltaverapaz.gob.gt\/?p=16503","title":{"rendered":"Festival Gastron\u00f3mico"},"content":{"rendered":"<p style=\"text-align: justify;\"><a href=\"https:\/\/www.facebook.com\/hashtag\/altaverapaz?__eep__=6&amp;__cft__[0]=AZV-L1Prm8WOnEVsf0slwxOjxkzVjnPWecaYlux5v3lMShdoeb7NwZCSbOXLXLyw9_a3nO5_UxhjqTUOSt7qaOsRMA-aWYTLnwAjeFeDuS4Dsiug7zrhL0TuJXUUk-r2SOw-NWvoYsZPeJJxHMlRj-UwB91Z_-N9zADUFEn6_DdszveuxP_xHT5Y3ZLqJbdCwBg&amp;__tn__=*NK-R\" target=\"_blank\" rel=\"noopener\">#AltaVerapaz<\/a><\/p>\n<p style=\"text-align: justify;\">El Instituto Guatemalteco de Turismo \u2013INGUAT- y El Comit\u00e9 de Autogesti\u00f3n Tur\u00edstica Camino Pokom de Alta Verapaz, llevan a cabo el Acto Protocolario del Festival Gastron\u00f3mico, con el objetivo de dar a conocer y realzar a los emprendimientos, empresas de gastronom\u00eda locales, empresas de turismo y artesanos, en Conmemoraci\u00f3n del D\u00eda del Ma\u00edz se realizaron diferentes presentaciones de platillos enfocados en las hierbas, frijol, ma\u00edz y la vainilla en vaina.<\/p>\n<p style=\"text-align: justify;\"><a href=\"https:\/\/www.facebook.com\/hashtag\/elgobdelosguatemaltecos?__eep__=6&amp;__cft__[0]=AZV-L1Prm8WOnEVsf0slwxOjxkzVjnPWecaYlux5v3lMShdoeb7NwZCSbOXLXLyw9_a3nO5_UxhjqTUOSt7qaOsRMA-aWYTLnwAjeFeDuS4Dsiug7zrhL0TuJXUUk-r2SOw-NWvoYsZPeJJxHMlRj-UwB91Z_-N9zADUFEn6_DdszveuxP_xHT5Y3ZLqJbdCwBg&amp;__tn__=*NK-R\" target=\"_blank\" rel=\"noopener\">#ElGobDeLosGuatemaltecos<\/a><\/p>\n<div><\/div>\n","protected":false},"excerpt":{"rendered":"<p>Con el objetivo de dar a conocer y realzar a los emprendimientos, empresas de gastronom\u00eda locales, empresas de turismo y artesanos.<\/p>\n","protected":false},"author":1,"featured_media":16504,"comment_status":"closed","ping_status":"open","sticky":false,"template":"","format":"gallery","meta":[],"categories":[183,7,204],"tags":[178],"_links":{"self":[{"href":"https:\/\/gobernacionaltaverapaz.gob.gt\/index.php?rest_route=\/wp\/v2\/posts\/16503"}],"collection":[{"href":"https:\/\/gobernacionaltaverapaz.gob.gt\/index.php?rest_route=\/wp\/v2\/posts"}],"about":[{"href":"https:\/\/gobernacionaltaverapaz.gob.gt\/index.php?rest_route=\/wp\/v2\/types\/post"}],"author":[{"embeddable":true,"href":"https:\/\/gobernacionaltaverapaz.gob.gt\/index.php?rest_route=\/wp\/v2\/users\/1"}],"replies":[{"embeddable":true,"href":"https:\/\/gobernacionaltaverapaz.gob.gt\/index.php?rest_route=%2Fwp%2Fv2%2Fcomments&post=16503"}],"version-history":[{"count":4,"href":"https:\/\/gobernacionaltaverapaz.gob.gt\/index.php?rest_route=\/wp\/v2\/posts\/16503\/revisions"}],"predecessor-version":[{"id":16516,"href":"https:\/\/gobernacionaltaverapaz.gob.gt\/index.php?rest_route=\/wp\/v2\/posts\/16503\/revisions\/16516"}],"wp:featuredmedia":[{"embeddable":true,"href":"https:\/\/gobernacionaltaverapaz.gob.gt\/index.php?rest_route=\/wp\/v2\/media\/16504"}],"wp:attachment":[{"href":"https:\/\/gobernacionaltaverapaz.gob.gt\/index.php?rest_route=%2Fwp%2Fv2%2Fmedia&parent=16503"}],"wp:term":[{"taxonomy":"category","embeddable":true,"href":"https:\/\/gobernacionaltaverapaz.gob.gt\/index.php?rest_route=%2Fwp%2Fv2%2Fcategories&post=16503"},{"taxonomy":"post_tag","embeddable":true,"href":"https:\/\/gobernacionaltaverapaz.gob.gt\/index.php?rest_route=%2Fwp%2Fv2%2Ftags&post=16503"}],"curies":[{"name":"wp","href":"https:\/\/api.w.org\/{rel}","templated":true}]}}