{"id":16543,"date":"2023-08-11T11:04:15","date_gmt":"2023-08-11T17:04:15","guid":{"rendered":"https:\/\/gobernacionaltaverapaz.gob.gt\/?p=16543"},"modified":"2023-08-14T08:33:55","modified_gmt":"2023-08-14T14:33:55","slug":"comando-naval-del-pacifico-recibio-la-visita-de-docentes-y-alumnos-del-colegio-san-pablo","status":"publish","type":"post","link":"https:\/\/gobernacionaltaverapaz.gob.gt\/?p=16543","title":{"rendered":"Comando Naval del Pac\u00edfico recibi\u00f3 la visita de docentes y alumnos del Colegio San Pablo"},"content":{"rendered":"<p><a class=\"x1i10hfl xjbqb8w x6umtig x1b1mbwd xaqea5y xav7gou x9f619 x1ypdohk xt0psk2 xe8uvvx xdj266r x11i5rnm xat24cr x1mh8g0r xexx8yu x4uap5 x18d9i69 xkhd6sd x16tdsg8 x1hl2dhg xggy1nq x1a2a7pz xt0b8zv x1qq9wsj xo1l8bm\" tabindex=\"0\" role=\"link\" href=\"https:\/\/www.facebook.com\/EjercitoGT?__cft__[0]=AZWxUwjahKwrcCm9mAObALgJ9nEnmQz93P7gdc6WWjIIwmrgcX5EG6Ga37u7vHk3Sw6RM-9AD4LVYNWaeHpf-Qdff-LYIML1rUjvc7SaUsBbs1goZcOdk_K-b_U5tXd69z5N2LYwbNH5rQu2uVGDTtu1Hp55lXPm5v6eIt6_ajRoXnWSilOxu_BUPkJ3NPRt-hoAldN1SPNtmKJL1EtgEO5x&amp;__tn__=-]K-R\" target=\"_blank\" rel=\"noopener\"><span class=\"xt0psk2\">Ej\u00e9rcito GT Oficial<\/span><\/a><\/p>\n<p style=\"text-align: justify;\"><a href=\"https:\/\/www.facebook.com\/hashtag\/escuintla?__eep__=6&amp;__cft__[0]=AZWxUwjahKwrcCm9mAObALgJ9nEnmQz93P7gdc6WWjIIwmrgcX5EG6Ga37u7vHk3Sw6RM-9AD4LVYNWaeHpf-Qdff-LYIML1rUjvc7SaUsBbs1goZcOdk_K-b_U5tXd69z5N2LYwbNH5rQu2uVGDTtu1Hp55lXPm5v6eIt6_ajRoXnWSilOxu_BUPkJ3NPRt-hoAldN1SPNtmKJL1EtgEO5x&amp;__tn__=*NK-y-R\" target=\"_blank\" rel=\"noopener\">#Escuintla<\/a> | <a href=\"https:\/\/www.facebook.com\/hashtag\/ej%C3%A9rcitogt?__eep__=6&amp;__cft__[0]=AZWxUwjahKwrcCm9mAObALgJ9nEnmQz93P7gdc6WWjIIwmrgcX5EG6Ga37u7vHk3Sw6RM-9AD4LVYNWaeHpf-Qdff-LYIML1rUjvc7SaUsBbs1goZcOdk_K-b_U5tXd69z5N2LYwbNH5rQu2uVGDTtu1Hp55lXPm5v6eIt6_ajRoXnWSilOxu_BUPkJ3NPRt-hoAldN1SPNtmKJL1EtgEO5x&amp;__tn__=*NK-y-R\" target=\"_blank\" rel=\"noopener\">#Ej\u00e9rcitoGT<\/a> a trav\u00e9s del Comando Naval del Pac\u00edfico recibi\u00f3 la visita de docentes y alumnos del Colegio San Pablo, quienes realizaron un recorrido y conocieron las diferentes actividades que este comando realiza en beneficio de la poblaci\u00f3n.<\/p>\n<div><\/div>\n","protected":false},"excerpt":{"rendered":"<p>Ej\u00e9rcito GT Oficial #Escuintla | #Ej\u00e9rcitoGT a trav\u00e9s del Comando Naval del Pac\u00edfico recibi\u00f3 la visita de docentes y alumnos del Colegio San Pablo, quienes realizaron un recorrido y conocieron las diferentes actividades que este comando realiza en beneficio de la poblaci\u00f3n.<\/p>\n","protected":false},"author":1,"featured_media":16544,"comment_status":"closed","ping_status":"open","sticky":false,"template":"","format":"gallery","meta":[],"categories":[2],"tags":[178],"_links":{"self":[{"href":"https:\/\/gobernacionaltaverapaz.gob.gt\/index.php?rest_route=\/wp\/v2\/posts\/16543"}],"collection":[{"href":"https:\/\/gobernacionaltaverapaz.gob.gt\/index.php?rest_route=\/wp\/v2\/posts"}],"about":[{"href":"https:\/\/gobernacionaltaverapaz.gob.gt\/index.php?rest_route=\/wp\/v2\/types\/post"}],"author":[{"embeddable":true,"href":"https:\/\/gobernacionaltaverapaz.gob.gt\/index.php?rest_route=\/wp\/v2\/users\/1"}],"replies":[{"embeddable":true,"href":"https:\/\/gobernacionaltaverapaz.gob.gt\/index.php?rest_route=%2Fwp%2Fv2%2Fcomments&post=16543"}],"version-history":[{"count":2,"href":"https:\/\/gobernacionaltaverapaz.gob.gt\/index.php?rest_route=\/wp\/v2\/posts\/16543\/revisions"}],"predecessor-version":[{"id":16551,"href":"https:\/\/gobernacionaltaverapaz.gob.gt\/index.php?rest_route=\/wp\/v2\/posts\/16543\/revisions\/16551"}],"wp:featuredmedia":[{"embeddable":true,"href":"https:\/\/gobernacionaltaverapaz.gob.gt\/index.php?rest_route=\/wp\/v2\/media\/16544"}],"wp:attachment":[{"href":"https:\/\/gobernacionaltaverapaz.gob.gt\/index.php?rest_route=%2Fwp%2Fv2%2Fmedia&parent=16543"}],"wp:term":[{"taxonomy":"category","embeddable":true,"href":"https:\/\/gobernacionaltaverapaz.gob.gt\/index.php?rest_route=%2Fwp%2Fv2%2Fcategories&post=16543"},{"taxonomy":"post_tag","embeddable":true,"href":"https:\/\/gobernacionaltaverapaz.gob.gt\/index.php?rest_route=%2Fwp%2Fv2%2Ftags&post=16543"}],"curies":[{"name":"wp","href":"https:\/\/api.w.org\/{rel}","templated":true}]}}