{"id":16552,"date":"2023-08-11T13:05:45","date_gmt":"2023-08-11T19:05:45","guid":{"rendered":"https:\/\/gobernacionaltaverapaz.gob.gt\/?p=16552"},"modified":"2023-08-14T08:57:07","modified_gmt":"2023-08-14T14:57:07","slug":"reunion-de-trabajo-con-la-presencia-de-las-instituciones-pnc-iepades-ministerio-de-la-defensa-y-gerencia-de-programa-de-seguridad-ciudadana","status":"publish","type":"post","link":"https:\/\/gobernacionaltaverapaz.gob.gt\/?p=16552","title":{"rendered":"Reuni\u00f3n de trabajo con la presencia de las instituciones PNC, IEPADES, Ministerio de La Defensa  y Gerencia de Programa de Seguridad Ciudadana"},"content":{"rendered":"<p><a href=\"https:\/\/www.facebook.com\/hashtag\/altaverapaz?__eep__=6&amp;__cft__[0]=AZU_vyV5BFdE2_oLnf0MrB4UulJkaTciQPyE5LMYWMGP6uw7nWUcKq9uJngN2qvEj7rYw9yr0fNQ43dD6ZKnAy9RxmvpbGyFwQPgWNc5D6FG31s-Arn-o7ybkwKouVVysoZeWB7iHNhB-0zAb6Yn5o1_wLteVmRQsDAbBRh_n2yLQOGDr-QSgwkHhn1budcBh6A&amp;__tn__=*NK-R\" target=\"_blank\" rel=\"noopener\">#AltaVerapaz<\/a><\/p>\n<p style=\"text-align: justify;\">La Sra. Gobernadora Departamental de Alta Verapaz en su calidad de Presidente de la mesa de Seguridad, llev\u00f3 a cabo una reuni\u00f3n de trabajo con la presencia de las instituciones, <a href=\"https:\/\/www.facebook.com\/hashtag\/pnc?__eep__=6&amp;__cft__[0]=AZU_vyV5BFdE2_oLnf0MrB4UulJkaTciQPyE5LMYWMGP6uw7nWUcKq9uJngN2qvEj7rYw9yr0fNQ43dD6ZKnAy9RxmvpbGyFwQPgWNc5D6FG31s-Arn-o7ybkwKouVVysoZeWB7iHNhB-0zAb6Yn5o1_wLteVmRQsDAbBRh_n2yLQOGDr-QSgwkHhn1budcBh6A&amp;__tn__=*NK-R\" target=\"_blank\" rel=\"noopener\">#PNC<\/a>, <a href=\"https:\/\/www.facebook.com\/hashtag\/iepades?__eep__=6&amp;__cft__[0]=AZU_vyV5BFdE2_oLnf0MrB4UulJkaTciQPyE5LMYWMGP6uw7nWUcKq9uJngN2qvEj7rYw9yr0fNQ43dD6ZKnAy9RxmvpbGyFwQPgWNc5D6FG31s-Arn-o7ybkwKouVVysoZeWB7iHNhB-0zAb6Yn5o1_wLteVmRQsDAbBRh_n2yLQOGDr-QSgwkHhn1budcBh6A&amp;__tn__=*NK-R\" target=\"_blank\" rel=\"noopener\">#IEPADES<\/a>,\u00a0 #<a href=\"https:\/\/www.facebook.com\/hashtag\/ministeriodeladefensa?__eep__=6&amp;__cft__[0]=AZU_vyV5BFdE2_oLnf0MrB4UulJkaTciQPyE5LMYWMGP6uw7nWUcKq9uJngN2qvEj7rYw9yr0fNQ43dD6ZKnAy9RxmvpbGyFwQPgWNc5D6FG31s-Arn-o7ybkwKouVVysoZeWB7iHNhB-0zAb6Yn5o1_wLteVmRQsDAbBRh_n2yLQOGDr-QSgwkHhn1budcBh6A&amp;__tn__=*NK-R\" target=\"_blank\" rel=\"noopener\">MinisterioDeLaDefensa<\/a>\u00a0 y <a href=\"https:\/\/www.facebook.com\/hashtag\/gerenciadeprogramadeseguridadciudadana?__eep__=6&amp;__cft__[0]=AZU_vyV5BFdE2_oLnf0MrB4UulJkaTciQPyE5LMYWMGP6uw7nWUcKq9uJngN2qvEj7rYw9yr0fNQ43dD6ZKnAy9RxmvpbGyFwQPgWNc5D6FG31s-Arn-o7ybkwKouVVysoZeWB7iHNhB-0zAb6Yn5o1_wLteVmRQsDAbBRh_n2yLQOGDr-QSgwkHhn1budcBh6A&amp;__tn__=*NK-R\" target=\"_blank\" rel=\"noopener\">#GerenciaDeProgramaDeSeguridadCiudadana<\/a>, con el objetivo de trabajar en conjunto, sobre los temas de prevenci\u00f3n primaria, secundaria e instar a la protecci\u00f3n de la ni\u00f1ez, adolescencia y brindar un mejor servicio y seguridad a la poblaci\u00f3n.<\/p>\n<p><a href=\"https:\/\/www.facebook.com\/hashtag\/elgobdelosguatemaltecos?__eep__=6&amp;__cft__[0]=AZU_vyV5BFdE2_oLnf0MrB4UulJkaTciQPyE5LMYWMGP6uw7nWUcKq9uJngN2qvEj7rYw9yr0fNQ43dD6ZKnAy9RxmvpbGyFwQPgWNc5D6FG31s-Arn-o7ybkwKouVVysoZeWB7iHNhB-0zAb6Yn5o1_wLteVmRQsDAbBRh_n2yLQOGDr-QSgwkHhn1budcBh6A&amp;__tn__=*NK-R\" target=\"_blank\" rel=\"noopener\">#ElGobDeLosGuatemaltecos<\/a><\/p>\n<div><\/div>\n","protected":false},"excerpt":{"rendered":"<p>Con el objetivo de trabajar en conjunto, sobre los temas de prevenci\u00f3n primaria, secundaria e instar a la protecci\u00f3n de la ni\u00f1ez, adolescencia y brindar un mejor servicio y seguridad a la poblaci\u00f3n.<\/p>\n","protected":false},"author":1,"featured_media":16556,"comment_status":"closed","ping_status":"open","sticky":false,"template":"","format":"gallery","meta":[],"categories":[2,197],"tags":[178],"_links":{"self":[{"href":"https:\/\/gobernacionaltaverapaz.gob.gt\/index.php?rest_route=\/wp\/v2\/posts\/16552"}],"collection":[{"href":"https:\/\/gobernacionaltaverapaz.gob.gt\/index.php?rest_route=\/wp\/v2\/posts"}],"about":[{"href":"https:\/\/gobernacionaltaverapaz.gob.gt\/index.php?rest_route=\/wp\/v2\/types\/post"}],"author":[{"embeddable":true,"href":"https:\/\/gobernacionaltaverapaz.gob.gt\/index.php?rest_route=\/wp\/v2\/users\/1"}],"replies":[{"embeddable":true,"href":"https:\/\/gobernacionaltaverapaz.gob.gt\/index.php?rest_route=%2Fwp%2Fv2%2Fcomments&post=16552"}],"version-history":[{"count":2,"href":"https:\/\/gobernacionaltaverapaz.gob.gt\/index.php?rest_route=\/wp\/v2\/posts\/16552\/revisions"}],"predecessor-version":[{"id":16559,"href":"https:\/\/gobernacionaltaverapaz.gob.gt\/index.php?rest_route=\/wp\/v2\/posts\/16552\/revisions\/16559"}],"wp:featuredmedia":[{"embeddable":true,"href":"https:\/\/gobernacionaltaverapaz.gob.gt\/index.php?rest_route=\/wp\/v2\/media\/16556"}],"wp:attachment":[{"href":"https:\/\/gobernacionaltaverapaz.gob.gt\/index.php?rest_route=%2Fwp%2Fv2%2Fmedia&parent=16552"}],"wp:term":[{"taxonomy":"category","embeddable":true,"href":"https:\/\/gobernacionaltaverapaz.gob.gt\/index.php?rest_route=%2Fwp%2Fv2%2Fcategories&post=16552"},{"taxonomy":"post_tag","embeddable":true,"href":"https:\/\/gobernacionaltaverapaz.gob.gt\/index.php?rest_route=%2Fwp%2Fv2%2Ftags&post=16552"}],"curies":[{"name":"wp","href":"https:\/\/api.w.org\/{rel}","templated":true}]}}