{"id":16570,"date":"2023-08-11T21:18:10","date_gmt":"2023-08-12T03:18:10","guid":{"rendered":"https:\/\/gobernacionaltaverapaz.gob.gt\/?p=16570"},"modified":"2023-08-14T10:02:01","modified_gmt":"2023-08-14T16:02:01","slug":"reporte-nacional-24","status":"publish","type":"post","link":"https:\/\/gobernacionaltaverapaz.gob.gt\/?p=16570","title":{"rendered":"Reporte Nacional"},"content":{"rendered":"<p><a href=\"https:\/\/www.facebook.com\/guatemalagob\/videos\/976428246834337\/\" target=\"_blank\" rel=\"noopener\"><img decoding=\"async\" loading=\"lazy\" class=\"alignnone wp-image-16572 size-full\" title=\"Ver video\" src=\"https:\/\/gobernacionaltaverapaz.gob.gt\/wp-content\/uploads\/2023\/08\/002-122.jpg\" alt=\"\" width=\"900\" height=\"600\" srcset=\"https:\/\/gobernacionaltaverapaz.gob.gt\/wp-content\/uploads\/2023\/08\/002-122.jpg 900w, https:\/\/gobernacionaltaverapaz.gob.gt\/wp-content\/uploads\/2023\/08\/002-122-300x200.jpg 300w, https:\/\/gobernacionaltaverapaz.gob.gt\/wp-content\/uploads\/2023\/08\/002-122-768x512.jpg 768w\" sizes=\"(max-width: 900px) 100vw, 900px\" \/><\/a><\/p>\n<p><a href=\"https:\/\/www.facebook.com\/watch\/hashtag\/reportenacional?__eep__=6%2F&amp;__cft__[0]=AZWTv6aXhfli6qKUpA2FQfvZLgCNSncEW793irI-B_uk9eLVRtpXIhMiwvZE0yDQ0p1n9H22wV-LNl3YvQ3d65jWGRZJRRxEnat6ovtYcazmFqfBxYwNrPEjfDt2xgqZlWs5_6D0ZMWVDw8Ohx5XEGTf6Dvr3BKvP1DIQzbIBmbfhKdpCVi5I_1eOANC0R7K4dx8GVGjVqHH_YrUswSkApnU&amp;__tn__=*NK-R\" target=\"_blank\" rel=\"noopener\">#ReporteNacional<\/a> | 11 de agosto de 2023<\/p>\n<ul>\n<li>Apertura Escuela T\u00e9cnica para la Alimentaci\u00f3n Escolar<\/li>\n<li><a href=\"https:\/\/www.facebook.com\/mingobguate?__cft__[0]=AZWTv6aXhfli6qKUpA2FQfvZLgCNSncEW793irI-B_uk9eLVRtpXIhMiwvZE0yDQ0p1n9H22wV-LNl3YvQ3d65jWGRZJRRxEnat6ovtYcazmFqfBxYwNrPEjfDt2xgqZlWs5_6D0ZMWVDw8Ohx5XEGTf6Dvr3BKvP1DIQzbIBmbfhKdpCVi5I_1eOANC0R7K4dx8GVGjVqHH_YrUswSkApnU&amp;__tn__=-]K-R\" target=\"_blank\" rel=\"noopener\">Ministerio de Gobernaci\u00f3n Guatemala<\/a> se prepara para fortalecer acciones de prevenci\u00f3n y seguridad en la segunda vuelta electoral<\/li>\n<li>#FiestasAgostinas dejan una derrama econ\u00f3mica arriba de Q153 millones<\/li>\n<\/ul>\n","protected":false},"excerpt":{"rendered":"<p>#ReporteNacional | 11 de agosto de 2023 Apertura Escuela T\u00e9cnica para la Alimentaci\u00f3n Escolar Ministerio de Gobernaci\u00f3n Guatemala se prepara para fortalecer acciones de prevenci\u00f3n y seguridad en la segunda vuelta electoral #FiestasAgostinas dejan una derrama econ\u00f3mica arriba de Q153 millones<\/p>\n","protected":false},"author":1,"featured_media":16571,"comment_status":"closed","ping_status":"open","sticky":false,"template":"","format":"video","meta":[],"categories":[183,2,205,202],"tags":[178],"_links":{"self":[{"href":"https:\/\/gobernacionaltaverapaz.gob.gt\/index.php?rest_route=\/wp\/v2\/posts\/16570"}],"collection":[{"href":"https:\/\/gobernacionaltaverapaz.gob.gt\/index.php?rest_route=\/wp\/v2\/posts"}],"about":[{"href":"https:\/\/gobernacionaltaverapaz.gob.gt\/index.php?rest_route=\/wp\/v2\/types\/post"}],"author":[{"embeddable":true,"href":"https:\/\/gobernacionaltaverapaz.gob.gt\/index.php?rest_route=\/wp\/v2\/users\/1"}],"replies":[{"embeddable":true,"href":"https:\/\/gobernacionaltaverapaz.gob.gt\/index.php?rest_route=%2Fwp%2Fv2%2Fcomments&post=16570"}],"version-history":[{"count":1,"href":"https:\/\/gobernacionaltaverapaz.gob.gt\/index.php?rest_route=\/wp\/v2\/posts\/16570\/revisions"}],"predecessor-version":[{"id":16573,"href":"https:\/\/gobernacionaltaverapaz.gob.gt\/index.php?rest_route=\/wp\/v2\/posts\/16570\/revisions\/16573"}],"wp:featuredmedia":[{"embeddable":true,"href":"https:\/\/gobernacionaltaverapaz.gob.gt\/index.php?rest_route=\/wp\/v2\/media\/16571"}],"wp:attachment":[{"href":"https:\/\/gobernacionaltaverapaz.gob.gt\/index.php?rest_route=%2Fwp%2Fv2%2Fmedia&parent=16570"}],"wp:term":[{"taxonomy":"category","embeddable":true,"href":"https:\/\/gobernacionaltaverapaz.gob.gt\/index.php?rest_route=%2Fwp%2Fv2%2Fcategories&post=16570"},{"taxonomy":"post_tag","embeddable":true,"href":"https:\/\/gobernacionaltaverapaz.gob.gt\/index.php?rest_route=%2Fwp%2Fv2%2Ftags&post=16570"}],"curies":[{"name":"wp","href":"https:\/\/api.w.org\/{rel}","templated":true}]}}