{"id":16574,"date":"2023-08-13T12:05:28","date_gmt":"2023-08-13T18:05:28","guid":{"rendered":"https:\/\/gobernacionaltaverapaz.gob.gt\/?p=16574"},"modified":"2023-08-14T10:20:48","modified_gmt":"2023-08-14T16:20:48","slug":"festival-de-cultura-japonesa-en-el-parque-central-la-paz-de-coban-a-v","status":"publish","type":"post","link":"https:\/\/gobernacionaltaverapaz.gob.gt\/?p=16574","title":{"rendered":"Festival de Cultura Japonesa en el Parque Central La Paz de Cob\u00e1n A.V."},"content":{"rendered":"<p><a href=\"https:\/\/www.facebook.com\/hashtag\/altaverapaz?__eep__=6&amp;__cft__[0]=AZVgWupnp8cO_VTdr-MC_0Yvda70j09pvJ44rVlajuXC8CcdeY61Sf0K0H1UHg9eAHYI14udMn8kzDBfMwu8A1QPi72kgB7Nb2FLskt-eU_J3k1ZCgQXMyLr2kO2lFOa50CMtK0OGBzU9l05JxSIDZEkbtep9YEIFnldGb6o7aKO-hrkz2MZbdWgYr581pN0i9k&amp;__tn__=*NK-R\" target=\"_blank\" rel=\"noopener\">#AltaVerapaz<\/a><\/p>\n<p style=\"text-align: justify;\">El d\u00eda de hoy se lleva a cabo el Festival de Cultura Japonesa en el Parque Central La Paz de Cob\u00e1n A.V., a trav\u00e9s de la Asociaci\u00f3n JICA, que por medio de su voluntariado exponen t\u00e9cnicas de figuras de Origami, matem\u00e1ticas, caligraf\u00eda y exposici\u00f3n de fotograf\u00edas.<\/p>\n<p><a href=\"https:\/\/www.facebook.com\/hashtag\/elgobdelosguatemaltecos?__eep__=6&amp;__cft__[0]=AZVgWupnp8cO_VTdr-MC_0Yvda70j09pvJ44rVlajuXC8CcdeY61Sf0K0H1UHg9eAHYI14udMn8kzDBfMwu8A1QPi72kgB7Nb2FLskt-eU_J3k1ZCgQXMyLr2kO2lFOa50CMtK0OGBzU9l05JxSIDZEkbtep9YEIFnldGb6o7aKO-hrkz2MZbdWgYr581pN0i9k&amp;__tn__=*NK-R\" target=\"_blank\" rel=\"noopener\">#ElGobDeLosGuatemaltecos<\/a><\/p>\n<div><\/div>\n","protected":false},"excerpt":{"rendered":"<p>#AltaVerapaz El d\u00eda de hoy se lleva a cabo el Festival de Cultura Japonesa en el Parque Central La Paz de Cob\u00e1n A.V., a trav\u00e9s de la Asociaci\u00f3n JICA, que por medio de su voluntariado exponen t\u00e9cnicas de figuras de Origami, matem\u00e1ticas, caligraf\u00eda y exposici\u00f3n de fotograf\u00edas. #ElGobDeLosGuatemaltecos<\/p>\n","protected":false},"author":1,"featured_media":16578,"comment_status":"closed","ping_status":"open","sticky":false,"template":"","format":"gallery","meta":[],"categories":[183],"tags":[178],"_links":{"self":[{"href":"https:\/\/gobernacionaltaverapaz.gob.gt\/index.php?rest_route=\/wp\/v2\/posts\/16574"}],"collection":[{"href":"https:\/\/gobernacionaltaverapaz.gob.gt\/index.php?rest_route=\/wp\/v2\/posts"}],"about":[{"href":"https:\/\/gobernacionaltaverapaz.gob.gt\/index.php?rest_route=\/wp\/v2\/types\/post"}],"author":[{"embeddable":true,"href":"https:\/\/gobernacionaltaverapaz.gob.gt\/index.php?rest_route=\/wp\/v2\/users\/1"}],"replies":[{"embeddable":true,"href":"https:\/\/gobernacionaltaverapaz.gob.gt\/index.php?rest_route=%2Fwp%2Fv2%2Fcomments&post=16574"}],"version-history":[{"count":2,"href":"https:\/\/gobernacionaltaverapaz.gob.gt\/index.php?rest_route=\/wp\/v2\/posts\/16574\/revisions"}],"predecessor-version":[{"id":16595,"href":"https:\/\/gobernacionaltaverapaz.gob.gt\/index.php?rest_route=\/wp\/v2\/posts\/16574\/revisions\/16595"}],"wp:featuredmedia":[{"embeddable":true,"href":"https:\/\/gobernacionaltaverapaz.gob.gt\/index.php?rest_route=\/wp\/v2\/media\/16578"}],"wp:attachment":[{"href":"https:\/\/gobernacionaltaverapaz.gob.gt\/index.php?rest_route=%2Fwp%2Fv2%2Fmedia&parent=16574"}],"wp:term":[{"taxonomy":"category","embeddable":true,"href":"https:\/\/gobernacionaltaverapaz.gob.gt\/index.php?rest_route=%2Fwp%2Fv2%2Fcategories&post=16574"},{"taxonomy":"post_tag","embeddable":true,"href":"https:\/\/gobernacionaltaverapaz.gob.gt\/index.php?rest_route=%2Fwp%2Fv2%2Ftags&post=16574"}],"curies":[{"name":"wp","href":"https:\/\/api.w.org\/{rel}","templated":true}]}}