{"id":16596,"date":"2023-08-14T15:00:23","date_gmt":"2023-08-14T21:00:23","guid":{"rendered":"https:\/\/gobernacionaltaverapaz.gob.gt\/?p=16596"},"modified":"2023-08-15T16:00:47","modified_gmt":"2023-08-15T22:00:47","slug":"acto-de-inauguracion-de-la-sede-regional-norte-del-instituto-nacional-de-administracion-publica-inap-guatemala","status":"publish","type":"post","link":"https:\/\/gobernacionaltaverapaz.gob.gt\/?p=16596","title":{"rendered":"Acto de Inauguraci\u00f3n de la Sede Regional Norte del Instituto Nacional de Administraci\u00f3n P\u00fablica INAP Guatemala"},"content":{"rendered":"<p><a href=\"https:\/\/www.facebook.com\/hashtag\/altaverapaz?__eep__=6&amp;__cft__[0]=AZU2WkQt7LSGuW0iV2E0n98rabJVTgmBwzS3Wef1-nS0zZJ88swHlQo71sjFZUFThTSCfPicnAt__VgIKq11ZTwcnC7e844_c4t-k4N6SVzKpCVjMTdehenhBZst9ce23Ohn-lP3GRjnfDXftWxzUQL-kBJ0yXwRi97CKSoKHQwEw_L2DIdHsh1Ur7pwp47cUBI&amp;__tn__=*NK-R\" target=\"_blank\" rel=\"noopener\">#AltaVerapaz<\/a><\/p>\n<p style=\"text-align: justify;\">El d\u00eda de hoy se llev\u00f3 a cabo el Acto de Inauguraci\u00f3n de la Sede Regional Norte del Instituto Nacional de Administraci\u00f3n Publica <a href=\"https:\/\/www.facebook.com\/INAPGuatemalaCA?__cft__[0]=AZU2WkQt7LSGuW0iV2E0n98rabJVTgmBwzS3Wef1-nS0zZJ88swHlQo71sjFZUFThTSCfPicnAt__VgIKq11ZTwcnC7e844_c4t-k4N6SVzKpCVjMTdehenhBZst9ce23Ohn-lP3GRjnfDXftWxzUQL-kBJ0yXwRi97CKSoKHQwEw_L2DIdHsh1Ur7pwp47cUBI&amp;__tn__=-]K-R\" target=\"_blank\" rel=\"noopener\">INAP Guatemala<\/a>, contando con la presencia de La Secretaria General de la Presidencia Mar\u00eda Consuelo Ram\u00edrez y el Gerente Alvaro D\u00edaz, realizando la Firma de Convenio con la Gobernaci\u00f3n Departamental de Alta Verapaz representada por la Sra. Gobernadora Departamental Angela Yelitza Alvarado Ten\u00ed y Gobernaci\u00f3n Departamental de Baja Verapaz representada por el Sr. Gobernador Departamental Nehem\u00edas Jared Matheu Garc\u00eda.<\/p>\n<p><a href=\"https:\/\/www.facebook.com\/hashtag\/elgobdelosguatemaltecos?__eep__=6&amp;__cft__[0]=AZU2WkQt7LSGuW0iV2E0n98rabJVTgmBwzS3Wef1-nS0zZJ88swHlQo71sjFZUFThTSCfPicnAt__VgIKq11ZTwcnC7e844_c4t-k4N6SVzKpCVjMTdehenhBZst9ce23Ohn-lP3GRjnfDXftWxzUQL-kBJ0yXwRi97CKSoKHQwEw_L2DIdHsh1Ur7pwp47cUBI&amp;__tn__=*NK-R\" target=\"_blank\" rel=\"noopener\">#ElGobDeLosGuatemaltecos<\/a><\/p>\n<div><\/div>\n","protected":false},"excerpt":{"rendered":"<p>#AltaVerapaz El d\u00eda de hoy se llev\u00f3 a cabo el Acto de Inauguraci\u00f3n de la Sede Regional Norte del Instituto Nacional de Administraci\u00f3n Publica INAP Guatemala, contando con la presencia de La Secretaria General de la Presidencia Mar\u00eda Consuelo Ram\u00edrez y el Gerente Alvaro D\u00edaz, realizando la Firma de Convenio con la Gobernaci\u00f3n Departamental de [&hellip;]<\/p>\n","protected":false},"author":1,"featured_media":16597,"comment_status":"closed","ping_status":"open","sticky":false,"template":"","format":"gallery","meta":[],"categories":[183],"tags":[178],"_links":{"self":[{"href":"https:\/\/gobernacionaltaverapaz.gob.gt\/index.php?rest_route=\/wp\/v2\/posts\/16596"}],"collection":[{"href":"https:\/\/gobernacionaltaverapaz.gob.gt\/index.php?rest_route=\/wp\/v2\/posts"}],"about":[{"href":"https:\/\/gobernacionaltaverapaz.gob.gt\/index.php?rest_route=\/wp\/v2\/types\/post"}],"author":[{"embeddable":true,"href":"https:\/\/gobernacionaltaverapaz.gob.gt\/index.php?rest_route=\/wp\/v2\/users\/1"}],"replies":[{"embeddable":true,"href":"https:\/\/gobernacionaltaverapaz.gob.gt\/index.php?rest_route=%2Fwp%2Fv2%2Fcomments&post=16596"}],"version-history":[{"count":3,"href":"https:\/\/gobernacionaltaverapaz.gob.gt\/index.php?rest_route=\/wp\/v2\/posts\/16596\/revisions"}],"predecessor-version":[{"id":16607,"href":"https:\/\/gobernacionaltaverapaz.gob.gt\/index.php?rest_route=\/wp\/v2\/posts\/16596\/revisions\/16607"}],"wp:featuredmedia":[{"embeddable":true,"href":"https:\/\/gobernacionaltaverapaz.gob.gt\/index.php?rest_route=\/wp\/v2\/media\/16597"}],"wp:attachment":[{"href":"https:\/\/gobernacionaltaverapaz.gob.gt\/index.php?rest_route=%2Fwp%2Fv2%2Fmedia&parent=16596"}],"wp:term":[{"taxonomy":"category","embeddable":true,"href":"https:\/\/gobernacionaltaverapaz.gob.gt\/index.php?rest_route=%2Fwp%2Fv2%2Fcategories&post=16596"},{"taxonomy":"post_tag","embeddable":true,"href":"https:\/\/gobernacionaltaverapaz.gob.gt\/index.php?rest_route=%2Fwp%2Fv2%2Ftags&post=16596"}],"curies":[{"name":"wp","href":"https:\/\/api.w.org\/{rel}","templated":true}]}}