{"id":16608,"date":"2023-08-14T17:55:12","date_gmt":"2023-08-14T23:55:12","guid":{"rendered":"https:\/\/gobernacionaltaverapaz.gob.gt\/?p=16608"},"modified":"2023-08-15T16:16:35","modified_gmt":"2023-08-15T22:16:35","slug":"firma-del-convenio-de-ejecucion-de-obras-entre-el-consejo-departamental-de-desarrollo-y-la-municipalidad-san-agustin-lanquin-a-v","status":"publish","type":"post","link":"https:\/\/gobernacionaltaverapaz.gob.gt\/?p=16608","title":{"rendered":"Firma del convenio de ejecuci\u00f3n de obras entre el Consejo Departamental de Desarrollo y la Municipalidad San Agust\u00edn Lanqu\u00edn A.V."},"content":{"rendered":"<p style=\"text-align: justify;\"><a href=\"https:\/\/www.facebook.com\/hashtag\/altaverapaz?__eep__=6&amp;__cft__[0]=AZVKXSAXhzWrsoQEEnlRbVPpX5WleZ9dmduTmMrg3r4FGA_ziUuiypclwXgXDE9eN2Z16YCCN4NsYYTTP9aZzK4jQqNo2-a6yxEzYrVfLGDRHf0jEathobQouYCNY6bLVPiYvKI6x1UHDIqq9X5rY6kHNth15ZEylGw7q6bxIIfOTdExonG1xYzIxDxnllI6byY&amp;__tn__=*NK-R\" target=\"_blank\" rel=\"noopener\">#AltaVerapaz<\/a><\/p>\n<p style=\"text-align: justify;\">Con el objetivo de impulsar el desarrollo en el Departamento, la Sra. Gobernadora de Alta Verapaz, en compa\u00f1\u00eda de la Directora Ejecutiva del <a href=\"https:\/\/www.facebook.com\/codede.av?__cft__[0]=AZVKXSAXhzWrsoQEEnlRbVPpX5WleZ9dmduTmMrg3r4FGA_ziUuiypclwXgXDE9eN2Z16YCCN4NsYYTTP9aZzK4jQqNo2-a6yxEzYrVfLGDRHf0jEathobQouYCNY6bLVPiYvKI6x1UHDIqq9X5rY6kHNth15ZEylGw7q6bxIIfOTdExonG1xYzIxDxnllI6byY&amp;__tn__=-]K-R\" target=\"_blank\" rel=\"noopener\">Codede AV<\/a> Ing. Nict\u00e9 Herrera, se llev\u00f3 a cabo el acto de la firma del convenio de ejecuci\u00f3n de obras entre el Consejo Departamental de Desarrollo y la <a href=\"https:\/\/www.facebook.com\/profile.php?id=100068519316217&amp;__cft__[0]=AZVKXSAXhzWrsoQEEnlRbVPpX5WleZ9dmduTmMrg3r4FGA_ziUuiypclwXgXDE9eN2Z16YCCN4NsYYTTP9aZzK4jQqNo2-a6yxEzYrVfLGDRHf0jEathobQouYCNY6bLVPiYvKI6x1UHDIqq9X5rY6kHNth15ZEylGw7q6bxIIfOTdExonG1xYzIxDxnllI6byY&amp;__tn__=-]K-R\" target=\"_blank\" rel=\"noopener\">Municipalidad Lanqu\u00edn A.V.<\/a> Siendo este el \u00faltimo convenio del ejercicio fiscal 2023, con el cual se completa la firma de convenios de los proyectos nuevos para el departamento.<\/p>\n<p>Convenio que permitir\u00e1 la ejecuci\u00f3n en este a\u00f1o del proyecto:<\/p>\n<p>Construcci\u00f3n Sistema de Tratamiento Aguas Residuales \u00c1rea Urbana sector Colonia Seputix Lanqu\u00edn, Alta Verapaz.<\/p>\n<p style=\"text-align: justify;\"><a href=\"https:\/\/www.facebook.com\/codede.av?__cft__[0]=AZVKXSAXhzWrsoQEEnlRbVPpX5WleZ9dmduTmMrg3r4FGA_ziUuiypclwXgXDE9eN2Z16YCCN4NsYYTTP9aZzK4jQqNo2-a6yxEzYrVfLGDRHf0jEathobQouYCNY6bLVPiYvKI6x1UHDIqq9X5rY6kHNth15ZEylGw7q6bxIIfOTdExonG1xYzIxDxnllI6byY&amp;__tn__=-]K-R\" target=\"_blank\" rel=\"noopener\">Codede AV<\/a><br \/>\n<a href=\"https:\/\/www.facebook.com\/profile.php?id=100068519316217&amp;__cft__[0]=AZVKXSAXhzWrsoQEEnlRbVPpX5WleZ9dmduTmMrg3r4FGA_ziUuiypclwXgXDE9eN2Z16YCCN4NsYYTTP9aZzK4jQqNo2-a6yxEzYrVfLGDRHf0jEathobQouYCNY6bLVPiYvKI6x1UHDIqq9X5rY6kHNth15ZEylGw7q6bxIIfOTdExonG1xYzIxDxnllI6byY&amp;__tn__=-]K-R\" target=\"_blank\" rel=\"noopener\">Municipalidad Lanqu\u00edn A.V.<\/a><br \/>\n<a href=\"https:\/\/www.facebook.com\/hashtag\/elgobdelosguatemaltecos?__eep__=6&amp;__cft__[0]=AZVKXSAXhzWrsoQEEnlRbVPpX5WleZ9dmduTmMrg3r4FGA_ziUuiypclwXgXDE9eN2Z16YCCN4NsYYTTP9aZzK4jQqNo2-a6yxEzYrVfLGDRHf0jEathobQouYCNY6bLVPiYvKI6x1UHDIqq9X5rY6kHNth15ZEylGw7q6bxIIfOTdExonG1xYzIxDxnllI6byY&amp;__tn__=*NK-R\" target=\"_blank\" rel=\"noopener\">#ElGobDeLosGuatemaltecos<\/a><\/p>\n<p><img decoding=\"async\" loading=\"lazy\" class=\"alignnone size-full wp-image-16609\" src=\"https:\/\/gobernacionaltaverapaz.gob.gt\/wp-content\/uploads\/2023\/08\/001-135.jpg\" alt=\"\" width=\"900\" height=\"676\" srcset=\"https:\/\/gobernacionaltaverapaz.gob.gt\/wp-content\/uploads\/2023\/08\/001-135.jpg 900w, https:\/\/gobernacionaltaverapaz.gob.gt\/wp-content\/uploads\/2023\/08\/001-135-300x225.jpg 300w, https:\/\/gobernacionaltaverapaz.gob.gt\/wp-content\/uploads\/2023\/08\/001-135-768x577.jpg 768w\" sizes=\"(max-width: 900px) 100vw, 900px\" \/> <img decoding=\"async\" loading=\"lazy\" class=\"alignnone size-full wp-image-16611\" src=\"https:\/\/gobernacionaltaverapaz.gob.gt\/wp-content\/uploads\/2023\/08\/003-75.jpg\" alt=\"\" width=\"900\" height=\"475\" srcset=\"https:\/\/gobernacionaltaverapaz.gob.gt\/wp-content\/uploads\/2023\/08\/003-75.jpg 900w, https:\/\/gobernacionaltaverapaz.gob.gt\/wp-content\/uploads\/2023\/08\/003-75-300x158.jpg 300w, https:\/\/gobernacionaltaverapaz.gob.gt\/wp-content\/uploads\/2023\/08\/003-75-768x405.jpg 768w\" sizes=\"(max-width: 900px) 100vw, 900px\" \/><\/p>\n","protected":false},"excerpt":{"rendered":"<p>Con el objetivo de impulsar el desarrollo en el Departamento.<\/p>\n","protected":false},"author":1,"featured_media":16610,"comment_status":"closed","ping_status":"open","sticky":false,"template":"","format":"gallery","meta":[],"categories":[183],"tags":[178],"_links":{"self":[{"href":"https:\/\/gobernacionaltaverapaz.gob.gt\/index.php?rest_route=\/wp\/v2\/posts\/16608"}],"collection":[{"href":"https:\/\/gobernacionaltaverapaz.gob.gt\/index.php?rest_route=\/wp\/v2\/posts"}],"about":[{"href":"https:\/\/gobernacionaltaverapaz.gob.gt\/index.php?rest_route=\/wp\/v2\/types\/post"}],"author":[{"embeddable":true,"href":"https:\/\/gobernacionaltaverapaz.gob.gt\/index.php?rest_route=\/wp\/v2\/users\/1"}],"replies":[{"embeddable":true,"href":"https:\/\/gobernacionaltaverapaz.gob.gt\/index.php?rest_route=%2Fwp%2Fv2%2Fcomments&post=16608"}],"version-history":[{"count":1,"href":"https:\/\/gobernacionaltaverapaz.gob.gt\/index.php?rest_route=\/wp\/v2\/posts\/16608\/revisions"}],"predecessor-version":[{"id":16612,"href":"https:\/\/gobernacionaltaverapaz.gob.gt\/index.php?rest_route=\/wp\/v2\/posts\/16608\/revisions\/16612"}],"wp:featuredmedia":[{"embeddable":true,"href":"https:\/\/gobernacionaltaverapaz.gob.gt\/index.php?rest_route=\/wp\/v2\/media\/16610"}],"wp:attachment":[{"href":"https:\/\/gobernacionaltaverapaz.gob.gt\/index.php?rest_route=%2Fwp%2Fv2%2Fmedia&parent=16608"}],"wp:term":[{"taxonomy":"category","embeddable":true,"href":"https:\/\/gobernacionaltaverapaz.gob.gt\/index.php?rest_route=%2Fwp%2Fv2%2Fcategories&post=16608"},{"taxonomy":"post_tag","embeddable":true,"href":"https:\/\/gobernacionaltaverapaz.gob.gt\/index.php?rest_route=%2Fwp%2Fv2%2Ftags&post=16608"}],"curies":[{"name":"wp","href":"https:\/\/api.w.org\/{rel}","templated":true}]}}