{"id":16617,"date":"2023-08-15T15:22:51","date_gmt":"2023-08-15T21:22:51","guid":{"rendered":"https:\/\/gobernacionaltaverapaz.gob.gt\/?p=16617"},"modified":"2023-08-15T16:54:00","modified_gmt":"2023-08-15T22:54:00","slug":"feria-de-prevencion-de-la-violencia-en-el-parque-central-la-paz-de-coban-a-v","status":"publish","type":"post","link":"https:\/\/gobernacionaltaverapaz.gob.gt\/?p=16617","title":{"rendered":"Feria de Prevenci\u00f3n de la Violencia en el Parque Central La Paz de Cob\u00e1n A.V."},"content":{"rendered":"<p><a href=\"https:\/\/www.facebook.com\/hashtag\/altaverapaz?__eep__=6&amp;__cft__[0]=AZVpPvmjHlBII4xwEgvp7KuwgAY3piN08Mr0-Suyrn36peF1u4PIVdk3gdOP6Qh5Xn_h6exZiyckiJPVFDDZ7949VC5raDjZRueVz0Uez-1pL842Z1gX96jW6Z6D1GqoZmNMLdYJ8xa3l37sg8LI8YsQwjvX2ti4lWpdZ8xNB_MFtRamwmbfWF2jaOzO6fjWZMo&amp;__tn__=*NK-R\" target=\"_blank\" rel=\"noopener\">#AltaVerapaz<\/a><\/p>\n<p style=\"text-align: justify;\">Con el objetivo de concientizar a la juventud, el d\u00eda de hoy a trav\u00e9s de la <a href=\"https:\/\/www.facebook.com\/UPCVGuatemala?__cft__[0]=AZVpPvmjHlBII4xwEgvp7KuwgAY3piN08Mr0-Suyrn36peF1u4PIVdk3gdOP6Qh5Xn_h6exZiyckiJPVFDDZ7949VC5raDjZRueVz0Uez-1pL842Z1gX96jW6Z6D1GqoZmNMLdYJ8xa3l37sg8LI8YsQwjvX2ti4lWpdZ8xNB_MFtRamwmbfWF2jaOzO6fjWZMo&amp;__tn__=-]K-R\" target=\"_blank\" rel=\"noopener\">Unidad Para La Prevenci\u00f3n Comunitaria De La Violencia &#8211; UPCV.<\/a> Se llev\u00f3 a cabo la Feria de Prevenci\u00f3n de la Violencia en el Parque Central La Paz de Cob\u00e1n A.V. Contando con la presencia de la Sra. Gobernadora Departamental de Alta Verapaz. Lic. Angela Yelitza Alvarado Ten\u00ed, <a href=\"https:\/\/www.facebook.com\/MiMuniCoban?__cft__[0]=AZVpPvmjHlBII4xwEgvp7KuwgAY3piN08Mr0-Suyrn36peF1u4PIVdk3gdOP6Qh5Xn_h6exZiyckiJPVFDDZ7949VC5raDjZRueVz0Uez-1pL842Z1gX96jW6Z6D1GqoZmNMLdYJ8xa3l37sg8LI8YsQwjvX2ti4lWpdZ8xNB_MFtRamwmbfWF2jaOzO6fjWZMo&amp;__tn__=-]K-R\" target=\"_blank\" rel=\"noopener\">Municipalidad De Cob\u00e1n<\/a> representado por el Lic. Gerson Leal, Procurador de los Derechos Humanos de A.V. Lic. Carlos Alberto Guillermo Artola y Delegado Departamental de <a href=\"https:\/\/www.facebook.com\/profile.php?id=100066287994370&amp;__cft__[0]=AZVpPvmjHlBII4xwEgvp7KuwgAY3piN08Mr0-Suyrn36peF1u4PIVdk3gdOP6Qh5Xn_h6exZiyckiJPVFDDZ7949VC5raDjZRueVz0Uez-1pL842Z1gX96jW6Z6D1GqoZmNMLdYJ8xa3l37sg8LI8YsQwjvX2ti4lWpdZ8xNB_MFtRamwmbfWF2jaOzO6fjWZMo&amp;__tn__=-]K-R\" target=\"_blank\" rel=\"noopener\">Conjuve Alta Verapaz<\/a>\u00a0 Edyn Paul Garc\u00eda Sandoval; en el cual se llevaron a cabo actividades l\u00fadicas con estudiantes de nivel b\u00e1sico de diferentes establecimientos.<\/p>\n<p><a href=\"https:\/\/www.facebook.com\/hashtag\/elgobdelosguatemaltecos?__eep__=6&amp;__cft__[0]=AZVpPvmjHlBII4xwEgvp7KuwgAY3piN08Mr0-Suyrn36peF1u4PIVdk3gdOP6Qh5Xn_h6exZiyckiJPVFDDZ7949VC5raDjZRueVz0Uez-1pL842Z1gX96jW6Z6D1GqoZmNMLdYJ8xa3l37sg8LI8YsQwjvX2ti4lWpdZ8xNB_MFtRamwmbfWF2jaOzO6fjWZMo&amp;__tn__=*NK-R\" target=\"_blank\" rel=\"noopener\">#ElGobDeLosGuatemaltecos<\/a><\/p>\n<div><\/div>\n","protected":false},"excerpt":{"rendered":"<p>#AltaVerapaz Con el objetivo de concientizar a la juventud, el d\u00eda de hoy a trav\u00e9s de la Unidad Para La Prevenci\u00f3n Comunitaria De La Violencia &#8211; UPCV. Se llev\u00f3 a cabo la Feria de Prevenci\u00f3n de la Violencia en el Parque Central La Paz de Cob\u00e1n A.V. Contando con la presencia de la Sra. Gobernadora [&hellip;]<\/p>\n","protected":false},"author":1,"featured_media":16632,"comment_status":"closed","ping_status":"open","sticky":false,"template":"","format":"gallery","meta":[],"categories":[197],"tags":[178],"_links":{"self":[{"href":"https:\/\/gobernacionaltaverapaz.gob.gt\/index.php?rest_route=\/wp\/v2\/posts\/16617"}],"collection":[{"href":"https:\/\/gobernacionaltaverapaz.gob.gt\/index.php?rest_route=\/wp\/v2\/posts"}],"about":[{"href":"https:\/\/gobernacionaltaverapaz.gob.gt\/index.php?rest_route=\/wp\/v2\/types\/post"}],"author":[{"embeddable":true,"href":"https:\/\/gobernacionaltaverapaz.gob.gt\/index.php?rest_route=\/wp\/v2\/users\/1"}],"replies":[{"embeddable":true,"href":"https:\/\/gobernacionaltaverapaz.gob.gt\/index.php?rest_route=%2Fwp%2Fv2%2Fcomments&post=16617"}],"version-history":[{"count":2,"href":"https:\/\/gobernacionaltaverapaz.gob.gt\/index.php?rest_route=\/wp\/v2\/posts\/16617\/revisions"}],"predecessor-version":[{"id":16631,"href":"https:\/\/gobernacionaltaverapaz.gob.gt\/index.php?rest_route=\/wp\/v2\/posts\/16617\/revisions\/16631"}],"wp:featuredmedia":[{"embeddable":true,"href":"https:\/\/gobernacionaltaverapaz.gob.gt\/index.php?rest_route=\/wp\/v2\/media\/16632"}],"wp:attachment":[{"href":"https:\/\/gobernacionaltaverapaz.gob.gt\/index.php?rest_route=%2Fwp%2Fv2%2Fmedia&parent=16617"}],"wp:term":[{"taxonomy":"category","embeddable":true,"href":"https:\/\/gobernacionaltaverapaz.gob.gt\/index.php?rest_route=%2Fwp%2Fv2%2Fcategories&post=16617"},{"taxonomy":"post_tag","embeddable":true,"href":"https:\/\/gobernacionaltaverapaz.gob.gt\/index.php?rest_route=%2Fwp%2Fv2%2Ftags&post=16617"}],"curies":[{"name":"wp","href":"https:\/\/api.w.org\/{rel}","templated":true}]}}