{"id":16640,"date":"2023-08-16T17:30:28","date_gmt":"2023-08-16T23:30:28","guid":{"rendered":"https:\/\/gobernacionaltaverapaz.gob.gt\/?p=16640"},"modified":"2023-08-17T08:58:30","modified_gmt":"2023-08-17T14:58:30","slug":"reunion-de-trabajo-con-el-consejo-departamental-de-desarrollo-sobre-la-actualizacion-de-los-avances-de-proyectos-2020-2023","status":"publish","type":"post","link":"https:\/\/gobernacionaltaverapaz.gob.gt\/?p=16640","title":{"rendered":"Reuni\u00f3n de trabajo con el Consejo Departamental de Desarrollo, sobre la actualizaci\u00f3n de los avances de proyectos 2020-2023"},"content":{"rendered":"<p><a href=\"https:\/\/www.facebook.com\/hashtag\/altaverapaz?__eep__=6&amp;__cft__[0]=AZUK76t_POiAEPCD9tX1YIyqOXG-jt7Q6EAiJztUR3WtZtetab2EjwjR8FmU7rv3XdvKx7OB_s1OtJC7BD6TI72OVlLlEyGMIQ2D-4O4GSqAwwy4q2jBPkOAOWuGJjDsUgUOyN4knkUh-qW1L_h3zsdYubH0Ps2lLpdqrwqNcf6DlE1EJL55e5H12gvZws5QPII&amp;__tn__=*NK-R\" target=\"_blank\" rel=\"noopener\">#AltaVerapaz<\/a><\/p>\n<p style=\"text-align: justify;\">La Sra. Gobernadora Departamental de Alta Verapaz Licda. Angela Yelitza Alvarado Ten\u00ed, sostuvo el d\u00eda de hoy una reuni\u00f3n de trabajo con el Consejo Departamental de Desarrollo, sobre la actualizaci\u00f3n de los avances de proyectos 2020-2023.<\/p>\n<p style=\"text-align: justify;\"><a href=\"https:\/\/www.facebook.com\/hashtag\/elgobdelosguatemaltecos?__eep__=6&amp;__cft__[0]=AZUK76t_POiAEPCD9tX1YIyqOXG-jt7Q6EAiJztUR3WtZtetab2EjwjR8FmU7rv3XdvKx7OB_s1OtJC7BD6TI72OVlLlEyGMIQ2D-4O4GSqAwwy4q2jBPkOAOWuGJjDsUgUOyN4knkUh-qW1L_h3zsdYubH0Ps2lLpdqrwqNcf6DlE1EJL55e5H12gvZws5QPII&amp;__tn__=*NK-R\" target=\"_blank\" rel=\"noopener\">#ElGobDeLosGuatemaltecos<\/a><\/p>\n<p><img decoding=\"async\" loading=\"lazy\" class=\"alignnone size-full wp-image-16642\" src=\"https:\/\/gobernacionaltaverapaz.gob.gt\/wp-content\/uploads\/2023\/08\/002-129.jpg\" alt=\"\" width=\"900\" height=\"597\" srcset=\"https:\/\/gobernacionaltaverapaz.gob.gt\/wp-content\/uploads\/2023\/08\/002-129.jpg 900w, https:\/\/gobernacionaltaverapaz.gob.gt\/wp-content\/uploads\/2023\/08\/002-129-300x199.jpg 300w, https:\/\/gobernacionaltaverapaz.gob.gt\/wp-content\/uploads\/2023\/08\/002-129-768x509.jpg 768w\" sizes=\"(max-width: 900px) 100vw, 900px\" \/> <img decoding=\"async\" loading=\"lazy\" class=\"alignnone size-full wp-image-16641\" src=\"https:\/\/gobernacionaltaverapaz.gob.gt\/wp-content\/uploads\/2023\/08\/001-139.jpg\" alt=\"\" width=\"900\" height=\"600\" srcset=\"https:\/\/gobernacionaltaverapaz.gob.gt\/wp-content\/uploads\/2023\/08\/001-139.jpg 900w, https:\/\/gobernacionaltaverapaz.gob.gt\/wp-content\/uploads\/2023\/08\/001-139-300x200.jpg 300w, https:\/\/gobernacionaltaverapaz.gob.gt\/wp-content\/uploads\/2023\/08\/001-139-768x512.jpg 768w\" sizes=\"(max-width: 900px) 100vw, 900px\" \/><\/p>\n","protected":false},"excerpt":{"rendered":"<p>#AltaVerapaz La Sra. Gobernadora Departamental de Alta Verapaz Licda. Angela Yelitza Alvarado Ten\u00ed, sostuvo el d\u00eda de hoy una reuni\u00f3n de trabajo con el Consejo Departamental de Desarrollo, sobre la actualizaci\u00f3n de los avances de proyectos 2020-2023. #ElGobDeLosGuatemaltecos<\/p>\n","protected":false},"author":1,"featured_media":16643,"comment_status":"closed","ping_status":"open","sticky":false,"template":"","format":"standard","meta":[],"categories":[183],"tags":[178],"_links":{"self":[{"href":"https:\/\/gobernacionaltaverapaz.gob.gt\/index.php?rest_route=\/wp\/v2\/posts\/16640"}],"collection":[{"href":"https:\/\/gobernacionaltaverapaz.gob.gt\/index.php?rest_route=\/wp\/v2\/posts"}],"about":[{"href":"https:\/\/gobernacionaltaverapaz.gob.gt\/index.php?rest_route=\/wp\/v2\/types\/post"}],"author":[{"embeddable":true,"href":"https:\/\/gobernacionaltaverapaz.gob.gt\/index.php?rest_route=\/wp\/v2\/users\/1"}],"replies":[{"embeddable":true,"href":"https:\/\/gobernacionaltaverapaz.gob.gt\/index.php?rest_route=%2Fwp%2Fv2%2Fcomments&post=16640"}],"version-history":[{"count":1,"href":"https:\/\/gobernacionaltaverapaz.gob.gt\/index.php?rest_route=\/wp\/v2\/posts\/16640\/revisions"}],"predecessor-version":[{"id":16644,"href":"https:\/\/gobernacionaltaverapaz.gob.gt\/index.php?rest_route=\/wp\/v2\/posts\/16640\/revisions\/16644"}],"wp:featuredmedia":[{"embeddable":true,"href":"https:\/\/gobernacionaltaverapaz.gob.gt\/index.php?rest_route=\/wp\/v2\/media\/16643"}],"wp:attachment":[{"href":"https:\/\/gobernacionaltaverapaz.gob.gt\/index.php?rest_route=%2Fwp%2Fv2%2Fmedia&parent=16640"}],"wp:term":[{"taxonomy":"category","embeddable":true,"href":"https:\/\/gobernacionaltaverapaz.gob.gt\/index.php?rest_route=%2Fwp%2Fv2%2Fcategories&post=16640"},{"taxonomy":"post_tag","embeddable":true,"href":"https:\/\/gobernacionaltaverapaz.gob.gt\/index.php?rest_route=%2Fwp%2Fv2%2Ftags&post=16640"}],"curies":[{"name":"wp","href":"https:\/\/api.w.org\/{rel}","templated":true}]}}