{"id":16645,"date":"2023-08-16T19:30:03","date_gmt":"2023-08-17T01:30:03","guid":{"rendered":"https:\/\/gobernacionaltaverapaz.gob.gt\/?p=16645"},"modified":"2023-08-17T09:10:14","modified_gmt":"2023-08-17T15:10:14","slug":"reunion-con-integrantes-de-la-comision-de-seguridad-electoral","status":"publish","type":"post","link":"https:\/\/gobernacionaltaverapaz.gob.gt\/?p=16645","title":{"rendered":"Reuni\u00f3n con integrantes de la Comisi\u00f3n de Seguridad Electoral"},"content":{"rendered":"<p><a href=\"https:\/\/www.facebook.com\/hashtag\/altaverapaz?__eep__=6&amp;__cft__[0]=AZUcQeQeUn4NOw96cZ11uzcJR95KOiVvCGz82E9Qbq34FOCxCFf2_hwFsbxVAPmbNwhtgDuJD25GuVMHywB6E-vGZLBQTBItiDcLQVZM3sROQLSV13IY412kiL7RMHjw3_y_6Q9qHQlbJBcR9ZfSbC_eb2VXgt6mnPXMqGyzMzemaGeCgqq4geoI25A_yDhoNE8&amp;__tn__=*NK-R\" target=\"_blank\" rel=\"noopener\">#AltaVerapaz<\/a><\/p>\n<p style=\"text-align: justify;\">La Sra. Gobernadora Departamental de Alta Verapaz, sostuvo una reuni\u00f3n con integrantes de la Comisi\u00f3n de Seguridad Electoral, con la finalidad de concretar la mitigaci\u00f3n de Incidentes, antes, durante y despu\u00e9s de la Segunda Vuelta de Elecciones 2023.<\/p>\n<p><a href=\"https:\/\/www.facebook.com\/hashtag\/accionesquetransforman?__eep__=6&amp;__cft__[0]=AZUcQeQeUn4NOw96cZ11uzcJR95KOiVvCGz82E9Qbq34FOCxCFf2_hwFsbxVAPmbNwhtgDuJD25GuVMHywB6E-vGZLBQTBItiDcLQVZM3sROQLSV13IY412kiL7RMHjw3_y_6Q9qHQlbJBcR9ZfSbC_eb2VXgt6mnPXMqGyzMzemaGeCgqq4geoI25A_yDhoNE8&amp;__tn__=*NK-R\" target=\"_blank\" rel=\"noopener\">#AccionesQueTransforman<\/a><\/p>\n<div><\/div>\n","protected":false},"excerpt":{"rendered":"<p>#AltaVerapaz La Sra. Gobernadora Departamental de Alta Verapaz, sostuvo una reuni\u00f3n con integrantes de la Comisi\u00f3n de Seguridad Electoral, con la finalidad de concretar la mitigaci\u00f3n de Incidentes, antes, durante y despu\u00e9s de la Segunda Vuelta de Elecciones 2023. #AccionesQueTransforman<\/p>\n","protected":false},"author":1,"featured_media":16648,"comment_status":"closed","ping_status":"open","sticky":false,"template":"","format":"gallery","meta":[],"categories":[197],"tags":[178],"_links":{"self":[{"href":"https:\/\/gobernacionaltaverapaz.gob.gt\/index.php?rest_route=\/wp\/v2\/posts\/16645"}],"collection":[{"href":"https:\/\/gobernacionaltaverapaz.gob.gt\/index.php?rest_route=\/wp\/v2\/posts"}],"about":[{"href":"https:\/\/gobernacionaltaverapaz.gob.gt\/index.php?rest_route=\/wp\/v2\/types\/post"}],"author":[{"embeddable":true,"href":"https:\/\/gobernacionaltaverapaz.gob.gt\/index.php?rest_route=\/wp\/v2\/users\/1"}],"replies":[{"embeddable":true,"href":"https:\/\/gobernacionaltaverapaz.gob.gt\/index.php?rest_route=%2Fwp%2Fv2%2Fcomments&post=16645"}],"version-history":[{"count":2,"href":"https:\/\/gobernacionaltaverapaz.gob.gt\/index.php?rest_route=\/wp\/v2\/posts\/16645\/revisions"}],"predecessor-version":[{"id":16652,"href":"https:\/\/gobernacionaltaverapaz.gob.gt\/index.php?rest_route=\/wp\/v2\/posts\/16645\/revisions\/16652"}],"wp:featuredmedia":[{"embeddable":true,"href":"https:\/\/gobernacionaltaverapaz.gob.gt\/index.php?rest_route=\/wp\/v2\/media\/16648"}],"wp:attachment":[{"href":"https:\/\/gobernacionaltaverapaz.gob.gt\/index.php?rest_route=%2Fwp%2Fv2%2Fmedia&parent=16645"}],"wp:term":[{"taxonomy":"category","embeddable":true,"href":"https:\/\/gobernacionaltaverapaz.gob.gt\/index.php?rest_route=%2Fwp%2Fv2%2Fcategories&post=16645"},{"taxonomy":"post_tag","embeddable":true,"href":"https:\/\/gobernacionaltaverapaz.gob.gt\/index.php?rest_route=%2Fwp%2Fv2%2Ftags&post=16645"}],"curies":[{"name":"wp","href":"https:\/\/api.w.org\/{rel}","templated":true}]}}