{"id":16654,"date":"2023-08-17T15:02:56","date_gmt":"2023-08-17T21:02:56","guid":{"rendered":"https:\/\/gobernacionaltaverapaz.gob.gt\/?p=16654"},"modified":"2023-08-22T09:19:50","modified_gmt":"2023-08-22T15:19:50","slug":"entrega-de-planes-de-prevencion-de-la-violencia-escolar","status":"publish","type":"post","link":"https:\/\/gobernacionaltaverapaz.gob.gt\/?p=16654","title":{"rendered":"Entrega T\u00e9cnica de Planes de Prevenci\u00f3n de la Violencia Escolar"},"content":{"rendered":"<p><a href=\"https:\/\/www.facebook.com\/GobernacionAV\/videos\/670631731787851\/\" target=\"_blank\" rel=\"noopener\"><img decoding=\"async\" loading=\"lazy\" class=\"alignnone wp-image-16655 size-full\" title=\"Ver video\" src=\"https:\/\/gobernacionaltaverapaz.gob.gt\/wp-content\/uploads\/2023\/08\/001-141.jpg\" alt=\"\" width=\"900\" height=\"600\" srcset=\"https:\/\/gobernacionaltaverapaz.gob.gt\/wp-content\/uploads\/2023\/08\/001-141.jpg 900w, https:\/\/gobernacionaltaverapaz.gob.gt\/wp-content\/uploads\/2023\/08\/001-141-300x200.jpg 300w, https:\/\/gobernacionaltaverapaz.gob.gt\/wp-content\/uploads\/2023\/08\/001-141-768x512.jpg 768w\" sizes=\"(max-width: 900px) 100vw, 900px\" \/><\/a><\/p>\n<p style=\"text-align: justify;\"><a href=\"https:\/\/www.facebook.com\/hashtag\/altaverapaz?__eep__=6&amp;__cft__[0]=AZXcv9KC_yL73DYND0fvCI87bkL7hJ8iQkRyirTOZz3IQ_h70AT7RgmeAswKX4iZsuRCYejP4DhhKTuQldLnkU7kSwexmx_d2s7b7TXrRJF54P2qsLp6nkwTtiewOayHA7sCJHGmwWmxmIun54q9Hwy_cIWORdcyU8deDYHd2PonBIEpvsX7c-sHXcdNttgPytg&amp;__tn__=*NK-R\" target=\"_blank\" rel=\"noopener\">#AltaVerapaz<\/a><br \/>\nLa Sra. Gobernadora Departamental de Alta Verapaz Licda. Angela Yelitza Alvarado Ten\u00ed, representante del Tercer Viceministerio de Prevenci\u00f3n de la Violencia y el Delito, representantes de la <a href=\"https:\/\/www.facebook.com\/UPCVGuatemala?__cft__[0]=AZXcv9KC_yL73DYND0fvCI87bkL7hJ8iQkRyirTOZz3IQ_h70AT7RgmeAswKX4iZsuRCYejP4DhhKTuQldLnkU7kSwexmx_d2s7b7TXrRJF54P2qsLp6nkwTtiewOayHA7sCJHGmwWmxmIun54q9Hwy_cIWORdcyU8deDYHd2PonBIEpvsX7c-sHXcdNttgPytg&amp;__tn__=-]K-R\" target=\"_blank\" rel=\"noopener\">Unidad Para La Prevenci\u00f3n Comunitaria De La Violencia &#8211; UPCV<\/a>. <a href=\"https:\/\/www.facebook.com\/MineducGuate?__cft__[0]=AZXcv9KC_yL73DYND0fvCI87bkL7hJ8iQkRyirTOZz3IQ_h70AT7RgmeAswKX4iZsuRCYejP4DhhKTuQldLnkU7kSwexmx_d2s7b7TXrRJF54P2qsLp6nkwTtiewOayHA7sCJHGmwWmxmIun54q9Hwy_cIWORdcyU8deDYHd2PonBIEpvsX7c-sHXcdNttgPytg&amp;__tn__=-]K-R\" target=\"_blank\" rel=\"noopener\">Ministerio de Educaci\u00f3n de Guatemala (P\u00e1gina Oficial)<\/a> <a href=\"https:\/\/www.facebook.com\/MiMuniCoban?__cft__[0]=AZXcv9KC_yL73DYND0fvCI87bkL7hJ8iQkRyirTOZz3IQ_h70AT7RgmeAswKX4iZsuRCYejP4DhhKTuQldLnkU7kSwexmx_d2s7b7TXrRJF54P2qsLp6nkwTtiewOayHA7sCJHGmwWmxmIun54q9Hwy_cIWORdcyU8deDYHd2PonBIEpvsX7c-sHXcdNttgPytg&amp;__tn__=-]K-R\" target=\"_blank\" rel=\"noopener\">Municipalidad De Cob\u00e1n<\/a> y Director del INMN Emilio Rosales Ponce; llevan a cabo la \u201cEntrega T\u00e9cnica de Planes de Prevenci\u00f3n de la Violencia Escolar\u201d.<br \/>\n<a href=\"https:\/\/www.facebook.com\/hashtag\/elgobdelosguatemaltecos?__eep__=6&amp;__cft__[0]=AZXcv9KC_yL73DYND0fvCI87bkL7hJ8iQkRyirTOZz3IQ_h70AT7RgmeAswKX4iZsuRCYejP4DhhKTuQldLnkU7kSwexmx_d2s7b7TXrRJF54P2qsLp6nkwTtiewOayHA7sCJHGmwWmxmIun54q9Hwy_cIWORdcyU8deDYHd2PonBIEpvsX7c-sHXcdNttgPytg&amp;__tn__=*NK-R\" target=\"_blank\" rel=\"noopener\">#ElGobDeLosGuatemaltecos<\/a><br \/>\n<a href=\"https:\/\/www.facebook.com\/hashtag\/accionesquetransforman?__eep__=6&amp;__cft__[0]=AZXcv9KC_yL73DYND0fvCI87bkL7hJ8iQkRyirTOZz3IQ_h70AT7RgmeAswKX4iZsuRCYejP4DhhKTuQldLnkU7kSwexmx_d2s7b7TXrRJF54P2qsLp6nkwTtiewOayHA7sCJHGmwWmxmIun54q9Hwy_cIWORdcyU8deDYHd2PonBIEpvsX7c-sHXcdNttgPytg&amp;__tn__=*NK-R\" target=\"_blank\" rel=\"noopener\">#AccionesQueTransforman<\/a><\/p>\n<div><\/div>\n","protected":false},"excerpt":{"rendered":"<p>#AltaVerapaz La Sra. Gobernadora Departamental de Alta Verapaz Licda. Angela Yelitza Alvarado Ten\u00ed, representante del Tercer Viceministerio de Prevenci\u00f3n de la Violencia y el Delito, representantes de la Unidad Para La Prevenci\u00f3n Comunitaria De La Violencia &#8211; UPCV. Ministerio de Educaci\u00f3n de Guatemala (P\u00e1gina Oficial) Municipalidad De Cob\u00e1n y Director del INMN Emilio Rosales Ponce; [&hellip;]<\/p>\n","protected":false},"author":1,"featured_media":16672,"comment_status":"closed","ping_status":"open","sticky":false,"template":"","format":"video","meta":[],"categories":[2,197],"tags":[178],"_links":{"self":[{"href":"https:\/\/gobernacionaltaverapaz.gob.gt\/index.php?rest_route=\/wp\/v2\/posts\/16654"}],"collection":[{"href":"https:\/\/gobernacionaltaverapaz.gob.gt\/index.php?rest_route=\/wp\/v2\/posts"}],"about":[{"href":"https:\/\/gobernacionaltaverapaz.gob.gt\/index.php?rest_route=\/wp\/v2\/types\/post"}],"author":[{"embeddable":true,"href":"https:\/\/gobernacionaltaverapaz.gob.gt\/index.php?rest_route=\/wp\/v2\/users\/1"}],"replies":[{"embeddable":true,"href":"https:\/\/gobernacionaltaverapaz.gob.gt\/index.php?rest_route=%2Fwp%2Fv2%2Fcomments&post=16654"}],"version-history":[{"count":6,"href":"https:\/\/gobernacionaltaverapaz.gob.gt\/index.php?rest_route=\/wp\/v2\/posts\/16654\/revisions"}],"predecessor-version":[{"id":16684,"href":"https:\/\/gobernacionaltaverapaz.gob.gt\/index.php?rest_route=\/wp\/v2\/posts\/16654\/revisions\/16684"}],"wp:featuredmedia":[{"embeddable":true,"href":"https:\/\/gobernacionaltaverapaz.gob.gt\/index.php?rest_route=\/wp\/v2\/media\/16672"}],"wp:attachment":[{"href":"https:\/\/gobernacionaltaverapaz.gob.gt\/index.php?rest_route=%2Fwp%2Fv2%2Fmedia&parent=16654"}],"wp:term":[{"taxonomy":"category","embeddable":true,"href":"https:\/\/gobernacionaltaverapaz.gob.gt\/index.php?rest_route=%2Fwp%2Fv2%2Fcategories&post=16654"},{"taxonomy":"post_tag","embeddable":true,"href":"https:\/\/gobernacionaltaverapaz.gob.gt\/index.php?rest_route=%2Fwp%2Fv2%2Ftags&post=16654"}],"curies":[{"name":"wp","href":"https:\/\/api.w.org\/{rel}","templated":true}]}}