{"id":16685,"date":"2023-08-17T19:00:32","date_gmt":"2023-08-18T01:00:32","guid":{"rendered":"https:\/\/gobernacionaltaverapaz.gob.gt\/?p=16685"},"modified":"2023-08-22T09:39:31","modified_gmt":"2023-08-22T15:39:31","slug":"reunion-con-representantes-de-las-diferentes-instituciones-para-seguimiento-al-proceso-de-la-construccion-del-nuevo-hospital-de-coban-alta-verapaz","status":"publish","type":"post","link":"https:\/\/gobernacionaltaverapaz.gob.gt\/?p=16685","title":{"rendered":"Reuni\u00f3n para seguimiento al proceso de la construcci\u00f3n del nuevo Hospital de Cob\u00e1n, Alta Verapaz"},"content":{"rendered":"<p><a href=\"https:\/\/www.facebook.com\/hashtag\/altaverapaz?__eep__=6&amp;__cft__[0]=AZXNsQO1fuLNUyFRWKSoXpor3_uxGLRM99VicuS0AHb5g7PEaKiuGuS27znArNduuG919LMku-sWwSa9uuohIbxK4BPByH8xxsbJziezY8l38gOscAZZ5G0-AcRq-4uApTFvBksx0dbXAdrLHPePdOclxrRBNbd1a7FXryRwCkfiiUDfk3P8cZfO4TJYkWnnw5c&amp;__tn__=*NK-R\" target=\"_blank\" rel=\"noopener\">#AltaVerapaz<\/a><\/p>\n<p style=\"text-align: justify;\">La Sra. Gobernadora Departamental de Alta Verapaz Licda. Angela Yelitza Alvarado Ten\u00ed, se reuni\u00f3 con representantes de las diferentes instituciones para darle seguimiento al proceso de la construcci\u00f3n del nuevo Hospital de Cob\u00e1n, Alta Verapaz.<\/p>\n<p style=\"text-align: justify;\"><a href=\"https:\/\/www.facebook.com\/hashtag\/elgobdelosguatemaltecos?__eep__=6&amp;__cft__[0]=AZXNsQO1fuLNUyFRWKSoXpor3_uxGLRM99VicuS0AHb5g7PEaKiuGuS27znArNduuG919LMku-sWwSa9uuohIbxK4BPByH8xxsbJziezY8l38gOscAZZ5G0-AcRq-4uApTFvBksx0dbXAdrLHPePdOclxrRBNbd1a7FXryRwCkfiiUDfk3P8cZfO4TJYkWnnw5c&amp;__tn__=*NK-R\" target=\"_blank\" rel=\"noopener\">#ElGobDeLosGuatemaltecos<\/a><\/p>\n<div><\/div>\n","protected":false},"excerpt":{"rendered":"<p>#AltaVerapaz La Sra. Gobernadora Departamental de Alta Verapaz Licda. Angela Yelitza Alvarado Ten\u00ed, se reuni\u00f3 con representantes de las diferentes instituciones para darle seguimiento al proceso de la construcci\u00f3n del nuevo Hospital de Cob\u00e1n, Alta Verapaz. #ElGobDeLosGuatemaltecos<\/p>\n","protected":false},"author":1,"featured_media":16694,"comment_status":"closed","ping_status":"open","sticky":false,"template":"","format":"gallery","meta":[],"categories":[5],"tags":[178],"_links":{"self":[{"href":"https:\/\/gobernacionaltaverapaz.gob.gt\/index.php?rest_route=\/wp\/v2\/posts\/16685"}],"collection":[{"href":"https:\/\/gobernacionaltaverapaz.gob.gt\/index.php?rest_route=\/wp\/v2\/posts"}],"about":[{"href":"https:\/\/gobernacionaltaverapaz.gob.gt\/index.php?rest_route=\/wp\/v2\/types\/post"}],"author":[{"embeddable":true,"href":"https:\/\/gobernacionaltaverapaz.gob.gt\/index.php?rest_route=\/wp\/v2\/users\/1"}],"replies":[{"embeddable":true,"href":"https:\/\/gobernacionaltaverapaz.gob.gt\/index.php?rest_route=%2Fwp%2Fv2%2Fcomments&post=16685"}],"version-history":[{"count":4,"href":"https:\/\/gobernacionaltaverapaz.gob.gt\/index.php?rest_route=\/wp\/v2\/posts\/16685\/revisions"}],"predecessor-version":[{"id":16698,"href":"https:\/\/gobernacionaltaverapaz.gob.gt\/index.php?rest_route=\/wp\/v2\/posts\/16685\/revisions\/16698"}],"wp:featuredmedia":[{"embeddable":true,"href":"https:\/\/gobernacionaltaverapaz.gob.gt\/index.php?rest_route=\/wp\/v2\/media\/16694"}],"wp:attachment":[{"href":"https:\/\/gobernacionaltaverapaz.gob.gt\/index.php?rest_route=%2Fwp%2Fv2%2Fmedia&parent=16685"}],"wp:term":[{"taxonomy":"category","embeddable":true,"href":"https:\/\/gobernacionaltaverapaz.gob.gt\/index.php?rest_route=%2Fwp%2Fv2%2Fcategories&post=16685"},{"taxonomy":"post_tag","embeddable":true,"href":"https:\/\/gobernacionaltaverapaz.gob.gt\/index.php?rest_route=%2Fwp%2Fv2%2Ftags&post=16685"}],"curies":[{"name":"wp","href":"https:\/\/api.w.org\/{rel}","templated":true}]}}