{"id":16699,"date":"2023-08-17T19:29:46","date_gmt":"2023-08-18T01:29:46","guid":{"rendered":"https:\/\/gobernacionaltaverapaz.gob.gt\/?p=16699"},"modified":"2023-08-22T09:50:31","modified_gmt":"2023-08-22T15:50:31","slug":"coordinacion-con-agentes-de-la-policia-nacional-civil-velan-por-la-seguridad-de-la-poblacion-del-departamento-de-alta-verapaz","status":"publish","type":"post","link":"https:\/\/gobernacionaltaverapaz.gob.gt\/?p=16699","title":{"rendered":"Coordinaci\u00f3n con agentes de la Polic\u00eda Nacional Civil velan por la seguridad de la poblaci\u00f3n del Departamento de Alta Verapaz"},"content":{"rendered":"<p><a href=\"https:\/\/www.facebook.com\/hashtag\/altaverapaz?__eep__=6&amp;__cft__[0]=AZU69w9LbWEnIEQxu8iTBmvUq0GPRmLzAr-SuFYJf7romwjbFg84TNOVL7lY7a77IFo53UKIDb8yhBh1a7zVnDH42YowHkSvfUro0GYCBT2troJNBB9su0T9b5xLANpq8RoYvgV9ot7Vb_aYXZgFQwuNtn2Y0cxmLKzfumhHiof7mrJW7OemK79zDThnhb4u1vE&amp;__tn__=*NK-R\" target=\"_blank\" rel=\"noopener\">#AltaVerapaz<\/a><\/p>\n<p style=\"text-align: justify;\">Como parte del fortalecimiento a la seguridad ciudadana, la Sra. Gobernadora Departamental de Alta Verapaz, en coordinaci\u00f3n con agentes de la Polic\u00eda Nacional Civil velan por la seguridad de la poblaci\u00f3n del Departamento de Alta Verapaz.<\/p>\n<p><a href=\"https:\/\/www.facebook.com\/hashtag\/elgobdelosguatemaltecos?__eep__=6&amp;__cft__[0]=AZU69w9LbWEnIEQxu8iTBmvUq0GPRmLzAr-SuFYJf7romwjbFg84TNOVL7lY7a77IFo53UKIDb8yhBh1a7zVnDH42YowHkSvfUro0GYCBT2troJNBB9su0T9b5xLANpq8RoYvgV9ot7Vb_aYXZgFQwuNtn2Y0cxmLKzfumhHiof7mrJW7OemK79zDThnhb4u1vE&amp;__tn__=*NK-R\" target=\"_blank\" rel=\"noopener\">#ElGobDeLosGuatemaltecos<\/a><\/p>\n<div><\/div>\n","protected":false},"excerpt":{"rendered":"<p>#AltaVerapaz Como parte del fortalecimiento a la seguridad ciudadana, la Sra. Gobernadora Departamental de Alta Verapaz, en coordinaci\u00f3n con agentes de la Polic\u00eda Nacional Civil velan por la seguridad de la poblaci\u00f3n del Departamento de Alta Verapaz. #ElGobDeLosGuatemaltecos<\/p>\n","protected":false},"author":1,"featured_media":16700,"comment_status":"closed","ping_status":"open","sticky":false,"template":"","format":"gallery","meta":[],"categories":[197],"tags":[178],"_links":{"self":[{"href":"https:\/\/gobernacionaltaverapaz.gob.gt\/index.php?rest_route=\/wp\/v2\/posts\/16699"}],"collection":[{"href":"https:\/\/gobernacionaltaverapaz.gob.gt\/index.php?rest_route=\/wp\/v2\/posts"}],"about":[{"href":"https:\/\/gobernacionaltaverapaz.gob.gt\/index.php?rest_route=\/wp\/v2\/types\/post"}],"author":[{"embeddable":true,"href":"https:\/\/gobernacionaltaverapaz.gob.gt\/index.php?rest_route=\/wp\/v2\/users\/1"}],"replies":[{"embeddable":true,"href":"https:\/\/gobernacionaltaverapaz.gob.gt\/index.php?rest_route=%2Fwp%2Fv2%2Fcomments&post=16699"}],"version-history":[{"count":2,"href":"https:\/\/gobernacionaltaverapaz.gob.gt\/index.php?rest_route=\/wp\/v2\/posts\/16699\/revisions"}],"predecessor-version":[{"id":16705,"href":"https:\/\/gobernacionaltaverapaz.gob.gt\/index.php?rest_route=\/wp\/v2\/posts\/16699\/revisions\/16705"}],"wp:featuredmedia":[{"embeddable":true,"href":"https:\/\/gobernacionaltaverapaz.gob.gt\/index.php?rest_route=\/wp\/v2\/media\/16700"}],"wp:attachment":[{"href":"https:\/\/gobernacionaltaverapaz.gob.gt\/index.php?rest_route=%2Fwp%2Fv2%2Fmedia&parent=16699"}],"wp:term":[{"taxonomy":"category","embeddable":true,"href":"https:\/\/gobernacionaltaverapaz.gob.gt\/index.php?rest_route=%2Fwp%2Fv2%2Fcategories&post=16699"},{"taxonomy":"post_tag","embeddable":true,"href":"https:\/\/gobernacionaltaverapaz.gob.gt\/index.php?rest_route=%2Fwp%2Fv2%2Ftags&post=16699"}],"curies":[{"name":"wp","href":"https:\/\/api.w.org\/{rel}","templated":true}]}}