{"id":16735,"date":"2023-08-23T15:01:38","date_gmt":"2023-08-23T21:01:38","guid":{"rendered":"https:\/\/gobernacionaltaverapaz.gob.gt\/?p=16735"},"modified":"2023-09-01T14:25:17","modified_gmt":"2023-09-01T20:25:17","slug":"entrega-de-raciones-a-familiares-en-el-caserio-la-esperanza-y-el-parcelamiento-san-pablo","status":"publish","type":"post","link":"https:\/\/gobernacionaltaverapaz.gob.gt\/?p=16735","title":{"rendered":"Entrega de raciones a familiares en el Caser\u00edo La Esperanza y el Parcelamiento San Pablo"},"content":{"rendered":"<p style=\"text-align: justify;\"><a href=\"https:\/\/www.facebook.com\/hashtag\/altaverapaz?__eep__=6&amp;__cft__[0]=AZXrmc4NFMYwdlJaBEBuMjybLdadiHKihLw1B3Y0cW-XotevHhxNipeZBV5NOXRYAqf0MnptjOzoijGS_X_tU9NrmIF8YCFkeJYdtPLSv1h4UGWVBQAsvQZ44yXRUfRf3ajJal-dtJJDrZW5bmgBX6fABoWFYU4iixcldrWJphyyQE8apPaiwi-8HiZg8s8-uzM&amp;__tn__=*NK-R\" target=\"_blank\" rel=\"noopener\">#AltaVerapaz<\/a><\/p>\n<p style=\"text-align: justify;\">La Se\u00f1ora Gobernadora de Alta Verapaz en su calidad de Directora de la Coordinadora Departamental de Reducci\u00f3n de Desastres <a href=\"https:\/\/www.facebook.com\/hashtag\/codred?__eep__=6&amp;__cft__[0]=AZXrmc4NFMYwdlJaBEBuMjybLdadiHKihLw1B3Y0cW-XotevHhxNipeZBV5NOXRYAqf0MnptjOzoijGS_X_tU9NrmIF8YCFkeJYdtPLSv1h4UGWVBQAsvQZ44yXRUfRf3ajJal-dtJJDrZW5bmgBX6fABoWFYU4iixcldrWJphyyQE8apPaiwi-8HiZg8s8-uzM&amp;__tn__=*NK-R\" target=\"_blank\" rel=\"noopener\">#CODRED<\/a> realiz\u00f3 la entrega de 167 raciones familiares, en el Caser\u00edo La Esperanza y el Parcelamiento San Pablo, con el objetivo de atender a familias afectas por deslizamiento e inundaciones en municipio de Panz\u00f3s, esto en compa\u00f1\u00eda de delegados de <a href=\"https:\/\/www.facebook.com\/conredgt?__cft__[0]=AZXrmc4NFMYwdlJaBEBuMjybLdadiHKihLw1B3Y0cW-XotevHhxNipeZBV5NOXRYAqf0MnptjOzoijGS_X_tU9NrmIF8YCFkeJYdtPLSv1h4UGWVBQAsvQZ44yXRUfRf3ajJal-dtJJDrZW5bmgBX6fABoWFYU4iixcldrWJphyyQE8apPaiwi-8HiZg8s8-uzM&amp;__tn__=-]K-R\" target=\"_blank\" rel=\"noopener\">Conred<\/a>\u00a0 representantes de <a href=\"https:\/\/www.facebook.com\/hashtag\/comred?__eep__=6&amp;__cft__[0]=AZXrmc4NFMYwdlJaBEBuMjybLdadiHKihLw1B3Y0cW-XotevHhxNipeZBV5NOXRYAqf0MnptjOzoijGS_X_tU9NrmIF8YCFkeJYdtPLSv1h4UGWVBQAsvQZ44yXRUfRf3ajJal-dtJJDrZW5bmgBX6fABoWFYU4iixcldrWJphyyQE8apPaiwi-8HiZg8s8-uzM&amp;__tn__=*NK-R\" target=\"_blank\" rel=\"noopener\">#COMRED<\/a>, <a href=\"https:\/\/www.facebook.com\/hashtag\/colred?__eep__=6&amp;__cft__[0]=AZXrmc4NFMYwdlJaBEBuMjybLdadiHKihLw1B3Y0cW-XotevHhxNipeZBV5NOXRYAqf0MnptjOzoijGS_X_tU9NrmIF8YCFkeJYdtPLSv1h4UGWVBQAsvQZ44yXRUfRf3ajJal-dtJJDrZW5bmgBX6fABoWFYU4iixcldrWJphyyQE8apPaiwi-8HiZg8s8-uzM&amp;__tn__=*NK-R\" target=\"_blank\" rel=\"noopener\">#COLRED<\/a>, COPADEH, <a href=\"https:\/\/www.facebook.com\/maga.gt?__cft__[0]=AZXrmc4NFMYwdlJaBEBuMjybLdadiHKihLw1B3Y0cW-XotevHhxNipeZBV5NOXRYAqf0MnptjOzoijGS_X_tU9NrmIF8YCFkeJYdtPLSv1h4UGWVBQAsvQZ44yXRUfRf3ajJal-dtJJDrZW5bmgBX6fABoWFYU4iixcldrWJphyyQE8apPaiwi-8HiZg8s8-uzM&amp;__tn__=-]K-R\" target=\"_blank\" rel=\"noopener\">Ministerio de Agricultura, Ganader\u00eda y Alimentaci\u00f3n &#8211; MAGA<\/a> y <a href=\"https:\/\/www.facebook.com\/profile.php?id=100027942715316&amp;__cft__[0]=AZXrmc4NFMYwdlJaBEBuMjybLdadiHKihLw1B3Y0cW-XotevHhxNipeZBV5NOXRYAqf0MnptjOzoijGS_X_tU9NrmIF8YCFkeJYdtPLSv1h4UGWVBQAsvQZ44yXRUfRf3ajJal-dtJJDrZW5bmgBX6fABoWFYU4iixcldrWJphyyQE8apPaiwi-8HiZg8s8-uzM&amp;__tn__=-]K-R\" target=\"_blank\" rel=\"noopener\">Municipalidad de Panz\u00f3s 2020-2024<\/a><\/p>\n<p style=\"text-align: justify;\"><a href=\"https:\/\/www.facebook.com\/hashtag\/elgobdelosguatemaltecos?__eep__=6&amp;__cft__[0]=AZXrmc4NFMYwdlJaBEBuMjybLdadiHKihLw1B3Y0cW-XotevHhxNipeZBV5NOXRYAqf0MnptjOzoijGS_X_tU9NrmIF8YCFkeJYdtPLSv1h4UGWVBQAsvQZ44yXRUfRf3ajJal-dtJJDrZW5bmgBX6fABoWFYU4iixcldrWJphyyQE8apPaiwi-8HiZg8s8-uzM&amp;__tn__=*NK-R\" target=\"_blank\" rel=\"noopener\">#ElGobDeLosGuatemaltecos<\/a><br \/>\n<a href=\"https:\/\/www.facebook.com\/hashtag\/accionesquetransforman?__eep__=6&amp;__cft__[0]=AZXrmc4NFMYwdlJaBEBuMjybLdadiHKihLw1B3Y0cW-XotevHhxNipeZBV5NOXRYAqf0MnptjOzoijGS_X_tU9NrmIF8YCFkeJYdtPLSv1h4UGWVBQAsvQZ44yXRUfRf3ajJal-dtJJDrZW5bmgBX6fABoWFYU4iixcldrWJphyyQE8apPaiwi-8HiZg8s8-uzM&amp;__tn__=*NK-R\" target=\"_blank\" rel=\"noopener\">#AccionesQueTransforman<\/a><\/p>\n<div><\/div>\n","protected":false},"excerpt":{"rendered":"<p>El objetivo de atender a familias afectas por deslizamiento e inundaciones en municipio de Panz\u00f3s.<\/p>\n","protected":false},"author":1,"featured_media":16747,"comment_status":"closed","ping_status":"open","sticky":false,"template":"","format":"gallery","meta":[],"categories":[202],"tags":[178],"_links":{"self":[{"href":"https:\/\/gobernacionaltaverapaz.gob.gt\/index.php?rest_route=\/wp\/v2\/posts\/16735"}],"collection":[{"href":"https:\/\/gobernacionaltaverapaz.gob.gt\/index.php?rest_route=\/wp\/v2\/posts"}],"about":[{"href":"https:\/\/gobernacionaltaverapaz.gob.gt\/index.php?rest_route=\/wp\/v2\/types\/post"}],"author":[{"embeddable":true,"href":"https:\/\/gobernacionaltaverapaz.gob.gt\/index.php?rest_route=\/wp\/v2\/users\/1"}],"replies":[{"embeddable":true,"href":"https:\/\/gobernacionaltaverapaz.gob.gt\/index.php?rest_route=%2Fwp%2Fv2%2Fcomments&post=16735"}],"version-history":[{"count":4,"href":"https:\/\/gobernacionaltaverapaz.gob.gt\/index.php?rest_route=\/wp\/v2\/posts\/16735\/revisions"}],"predecessor-version":[{"id":16753,"href":"https:\/\/gobernacionaltaverapaz.gob.gt\/index.php?rest_route=\/wp\/v2\/posts\/16735\/revisions\/16753"}],"wp:featuredmedia":[{"embeddable":true,"href":"https:\/\/gobernacionaltaverapaz.gob.gt\/index.php?rest_route=\/wp\/v2\/media\/16747"}],"wp:attachment":[{"href":"https:\/\/gobernacionaltaverapaz.gob.gt\/index.php?rest_route=%2Fwp%2Fv2%2Fmedia&parent=16735"}],"wp:term":[{"taxonomy":"category","embeddable":true,"href":"https:\/\/gobernacionaltaverapaz.gob.gt\/index.php?rest_route=%2Fwp%2Fv2%2Fcategories&post=16735"},{"taxonomy":"post_tag","embeddable":true,"href":"https:\/\/gobernacionaltaverapaz.gob.gt\/index.php?rest_route=%2Fwp%2Fv2%2Ftags&post=16735"}],"curies":[{"name":"wp","href":"https:\/\/api.w.org\/{rel}","templated":true}]}}