{"id":16754,"date":"2023-08-24T10:01:02","date_gmt":"2023-08-24T16:01:02","guid":{"rendered":"https:\/\/gobernacionaltaverapaz.gob.gt\/?p=16754"},"modified":"2023-09-01T14:40:22","modified_gmt":"2023-09-01T20:40:22","slug":"clausura-de-servidores-civicos-de-la-sede-departamental-del-ministerio-de-agricultura-ganaderia-y-alimentacion-maga","status":"publish","type":"post","link":"https:\/\/gobernacionaltaverapaz.gob.gt\/?p=16754","title":{"rendered":"Clausura de Servidores C\u00edvicos de la Sede Departamental del Ministerio de Agricultura, Ganader\u00eda y Alimentaci\u00f3n &#8211; MAGA"},"content":{"rendered":"<p style=\"text-align: justify;\"><a href=\"https:\/\/www.facebook.com\/hashtag\/altaverapaz?__eep__=6&amp;__cft__[0]=AZXC1PuAXSaT-82mTcSCLM9A-vj2bLM7c2WH6zImz8JlzvzIT8I_HBdvcAqkQXLo26RpzjSzYL4Rw2LDvG9lhYvQC81DXpGPPdsLW7J-4gQGJNRb6wFgkL2IPO7gvWrfcy1-3qi965ySJmNI7g3MePDCb3jUjVm-KC3No6lxrCCf71AsteldXuKlqhlrB5zl0QU&amp;__tn__=*NK-R\" target=\"_blank\" rel=\"noopener\">#AltaVerapaz<\/a><\/p>\n<p style=\"text-align: justify;\">El d\u00eda de hoy en calidad de Presidenta de la Junta Local de Servicios C\u00edvicos la Se\u00f1ora Gobernadora Departamental de Alta Verapaz, participa en la Clausura de Servidores C\u00edvicos de la Sede Departamental del <a href=\"https:\/\/www.facebook.com\/maga.gt?__cft__[0]=AZXC1PuAXSaT-82mTcSCLM9A-vj2bLM7c2WH6zImz8JlzvzIT8I_HBdvcAqkQXLo26RpzjSzYL4Rw2LDvG9lhYvQC81DXpGPPdsLW7J-4gQGJNRb6wFgkL2IPO7gvWrfcy1-3qi965ySJmNI7g3MePDCb3jUjVm-KC3No6lxrCCf71AsteldXuKlqhlrB5zl0QU&amp;__tn__=-]K-R\" target=\"_blank\" rel=\"noopener\">Ministerio de Agricultura, Ganader\u00eda y Alimentaci\u00f3n &#8211; MAGA<\/a>, con la presencia de j\u00f3venes\u00a0 de diferentes municipios del departamento de Alta Verapaz y delegados del MAGA<\/p>\n<p style=\"text-align: justify;\"><a href=\"https:\/\/www.facebook.com\/hashtag\/elgobdelosguatemaltecos?__eep__=6&amp;__cft__[0]=AZXC1PuAXSaT-82mTcSCLM9A-vj2bLM7c2WH6zImz8JlzvzIT8I_HBdvcAqkQXLo26RpzjSzYL4Rw2LDvG9lhYvQC81DXpGPPdsLW7J-4gQGJNRb6wFgkL2IPO7gvWrfcy1-3qi965ySJmNI7g3MePDCb3jUjVm-KC3No6lxrCCf71AsteldXuKlqhlrB5zl0QU&amp;__tn__=*NK-R\" target=\"_blank\" rel=\"noopener\">#ElGobDeLosGuatemaltecos<\/a><\/p>\n<div><\/div>\n","protected":false},"excerpt":{"rendered":"<p>#AltaVerapaz El d\u00eda de hoy en calidad de Presidenta de la Junta Local de Servicios C\u00edvicos la Se\u00f1ora Gobernadora Departamental de Alta Verapaz, participa en la Clausura de Servidores C\u00edvicos de la Sede Departamental del Ministerio de Agricultura, Ganader\u00eda y Alimentaci\u00f3n &#8211; MAGA, con la presencia de j\u00f3venes\u00a0 de diferentes municipios del departamento de Alta [&hellip;]<\/p>\n","protected":false},"author":1,"featured_media":16758,"comment_status":"closed","ping_status":"open","sticky":false,"template":"","format":"gallery","meta":[],"categories":[2],"tags":[178],"_links":{"self":[{"href":"https:\/\/gobernacionaltaverapaz.gob.gt\/index.php?rest_route=\/wp\/v2\/posts\/16754"}],"collection":[{"href":"https:\/\/gobernacionaltaverapaz.gob.gt\/index.php?rest_route=\/wp\/v2\/posts"}],"about":[{"href":"https:\/\/gobernacionaltaverapaz.gob.gt\/index.php?rest_route=\/wp\/v2\/types\/post"}],"author":[{"embeddable":true,"href":"https:\/\/gobernacionaltaverapaz.gob.gt\/index.php?rest_route=\/wp\/v2\/users\/1"}],"replies":[{"embeddable":true,"href":"https:\/\/gobernacionaltaverapaz.gob.gt\/index.php?rest_route=%2Fwp%2Fv2%2Fcomments&post=16754"}],"version-history":[{"count":2,"href":"https:\/\/gobernacionaltaverapaz.gob.gt\/index.php?rest_route=\/wp\/v2\/posts\/16754\/revisions"}],"predecessor-version":[{"id":16765,"href":"https:\/\/gobernacionaltaverapaz.gob.gt\/index.php?rest_route=\/wp\/v2\/posts\/16754\/revisions\/16765"}],"wp:featuredmedia":[{"embeddable":true,"href":"https:\/\/gobernacionaltaverapaz.gob.gt\/index.php?rest_route=\/wp\/v2\/media\/16758"}],"wp:attachment":[{"href":"https:\/\/gobernacionaltaverapaz.gob.gt\/index.php?rest_route=%2Fwp%2Fv2%2Fmedia&parent=16754"}],"wp:term":[{"taxonomy":"category","embeddable":true,"href":"https:\/\/gobernacionaltaverapaz.gob.gt\/index.php?rest_route=%2Fwp%2Fv2%2Fcategories&post=16754"},{"taxonomy":"post_tag","embeddable":true,"href":"https:\/\/gobernacionaltaverapaz.gob.gt\/index.php?rest_route=%2Fwp%2Fv2%2Ftags&post=16754"}],"curies":[{"name":"wp","href":"https:\/\/api.w.org\/{rel}","templated":true}]}}