{"id":16782,"date":"2023-08-25T13:04:58","date_gmt":"2023-08-25T19:04:58","guid":{"rendered":"https:\/\/gobernacionaltaverapaz.gob.gt\/?p=16782"},"modified":"2023-09-01T15:16:28","modified_gmt":"2023-09-01T21:16:28","slug":"reunion-ordinaria-del-consejo-del-ejercicio-fiscal-2023-2","status":"publish","type":"post","link":"https:\/\/gobernacionaltaverapaz.gob.gt\/?p=16782","title":{"rendered":"Reuni\u00f3n Ordinaria del Consejo del Ejercicio Fiscal 2023"},"content":{"rendered":"<p><a href=\"https:\/\/www.facebook.com\/hashtag\/unidostransformamosguatemala?__eep__=6&amp;__cft__[0]=AZXyzeJh08pxwGf4GGYBG276aG8E7V7-sB2lY3JE8SftFN-YKQYrbi0MLSwYMnV5xQYY86TmgzS4TUSJn1eedqw0HbVW3cDAW2bZkeq2nMpBXPBk61BFgkRz6qkz0Zc5mzICYGA226Ztba4Ty04-fOdPvqVP0344PUgXGbPKj2A_DCO2op9gkJ-SHjNOUmAq2Ns&amp;__tn__=*NK-R\" target=\"_blank\" rel=\"noopener\">#UnidosTransformamosGuatemala<\/a><\/p>\n<p style=\"text-align: justify;\">Derivado a la coordinaci\u00f3n que se realiza cada mes con las diferentes instituciones representadas ante el organismo colegiado del <a href=\"https:\/\/www.facebook.com\/codede.av?__cft__[0]=AZXyzeJh08pxwGf4GGYBG276aG8E7V7-sB2lY3JE8SftFN-YKQYrbi0MLSwYMnV5xQYY86TmgzS4TUSJn1eedqw0HbVW3cDAW2bZkeq2nMpBXPBk61BFgkRz6qkz0Zc5mzICYGA226Ztba4Ty04-fOdPvqVP0344PUgXGbPKj2A_DCO2op9gkJ-SHjNOUmAq2Ns&amp;__tn__=-]K-R\" target=\"_blank\" rel=\"noopener\">Codede AV<\/a> para consensuar los diferentes temas que encaminan el desarrollo de los 17 municipios del Departamento de <a href=\"https:\/\/www.facebook.com\/hashtag\/altaverapaz?__eep__=6&amp;__cft__[0]=AZXyzeJh08pxwGf4GGYBG276aG8E7V7-sB2lY3JE8SftFN-YKQYrbi0MLSwYMnV5xQYY86TmgzS4TUSJn1eedqw0HbVW3cDAW2bZkeq2nMpBXPBk61BFgkRz6qkz0Zc5mzICYGA226Ztba4Ty04-fOdPvqVP0344PUgXGbPKj2A_DCO2op9gkJ-SHjNOUmAq2Ns&amp;__tn__=*NK-R\" target=\"_blank\" rel=\"noopener\">#AltaVerapaz<\/a>. El d\u00eda de hoy se llev\u00f3 a cabo Reuni\u00f3n Ordinaria de \u00e9ste Consejo del Ejercicio Fiscal 2023.<\/p>\n<p><a href=\"https:\/\/www.facebook.com\/hashtag\/elgobdelosguatemaltecos?__eep__=6&amp;__cft__[0]=AZXyzeJh08pxwGf4GGYBG276aG8E7V7-sB2lY3JE8SftFN-YKQYrbi0MLSwYMnV5xQYY86TmgzS4TUSJn1eedqw0HbVW3cDAW2bZkeq2nMpBXPBk61BFgkRz6qkz0Zc5mzICYGA226Ztba4Ty04-fOdPvqVP0344PUgXGbPKj2A_DCO2op9gkJ-SHjNOUmAq2Ns&amp;__tn__=*NK-R\" target=\"_blank\" rel=\"noopener\">#ElGobDeLosGuatemaltecos<\/a><\/p>\n<div><\/div>\n","protected":false},"excerpt":{"rendered":"<p>#UnidosTransformamosGuatemala Derivado a la coordinaci\u00f3n que se realiza cada mes con las diferentes instituciones representadas ante el organismo colegiado del Codede AV para consensuar los diferentes temas que encaminan el desarrollo de los 17 municipios del Departamento de #AltaVerapaz. El d\u00eda de hoy se llev\u00f3 a cabo Reuni\u00f3n Ordinaria de \u00e9ste Consejo del Ejercicio Fiscal [&hellip;]<\/p>\n","protected":false},"author":1,"featured_media":16793,"comment_status":"closed","ping_status":"open","sticky":false,"template":"","format":"gallery","meta":[],"categories":[194],"tags":[178],"_links":{"self":[{"href":"https:\/\/gobernacionaltaverapaz.gob.gt\/index.php?rest_route=\/wp\/v2\/posts\/16782"}],"collection":[{"href":"https:\/\/gobernacionaltaverapaz.gob.gt\/index.php?rest_route=\/wp\/v2\/posts"}],"about":[{"href":"https:\/\/gobernacionaltaverapaz.gob.gt\/index.php?rest_route=\/wp\/v2\/types\/post"}],"author":[{"embeddable":true,"href":"https:\/\/gobernacionaltaverapaz.gob.gt\/index.php?rest_route=\/wp\/v2\/users\/1"}],"replies":[{"embeddable":true,"href":"https:\/\/gobernacionaltaverapaz.gob.gt\/index.php?rest_route=%2Fwp%2Fv2%2Fcomments&post=16782"}],"version-history":[{"count":2,"href":"https:\/\/gobernacionaltaverapaz.gob.gt\/index.php?rest_route=\/wp\/v2\/posts\/16782\/revisions"}],"predecessor-version":[{"id":16795,"href":"https:\/\/gobernacionaltaverapaz.gob.gt\/index.php?rest_route=\/wp\/v2\/posts\/16782\/revisions\/16795"}],"wp:featuredmedia":[{"embeddable":true,"href":"https:\/\/gobernacionaltaverapaz.gob.gt\/index.php?rest_route=\/wp\/v2\/media\/16793"}],"wp:attachment":[{"href":"https:\/\/gobernacionaltaverapaz.gob.gt\/index.php?rest_route=%2Fwp%2Fv2%2Fmedia&parent=16782"}],"wp:term":[{"taxonomy":"category","embeddable":true,"href":"https:\/\/gobernacionaltaverapaz.gob.gt\/index.php?rest_route=%2Fwp%2Fv2%2Fcategories&post=16782"},{"taxonomy":"post_tag","embeddable":true,"href":"https:\/\/gobernacionaltaverapaz.gob.gt\/index.php?rest_route=%2Fwp%2Fv2%2Ftags&post=16782"}],"curies":[{"name":"wp","href":"https:\/\/api.w.org\/{rel}","templated":true}]}}