{"id":16796,"date":"2023-08-25T15:03:03","date_gmt":"2023-08-25T21:03:03","guid":{"rendered":"https:\/\/gobernacionaltaverapaz.gob.gt\/?p=16796"},"modified":"2023-09-01T15:26:56","modified_gmt":"2023-09-01T21:26:56","slug":"firma-de-convenio-de-ejecucion-de-obras-entre-el-consejo-departamental-de-desarrollo-y-la-municipalidad-de-panzos-2020-2024","status":"publish","type":"post","link":"https:\/\/gobernacionaltaverapaz.gob.gt\/?p=16796","title":{"rendered":"Firma de convenio de ejecuci\u00f3n de obras entre el Consejo Departamental de Desarrollo y la Municipalidad de Panz\u00f3s 2020-2024"},"content":{"rendered":"<p style=\"text-align: justify;\"><a href=\"https:\/\/www.facebook.com\/hashtag\/altaverapaz?__eep__=6&amp;__cft__[0]=AZUQ92JvP1IsIUajd1oYjjBY24gPAeRX1TTd0TYbfv7Yoz7G5_nIdRn8QkOPhAK1ve0AIzKs35VClTQEJTlsKjBUzMVK1RvRDjyiQMzFEh70USQNMeAqI_wyanycx-zGe1v0dkLoYnkZHvI_puEfIA0GYncaykY5yIgVwC7JVO21-DMqgpyqhn2bQ-_b_EmM0ok&amp;__tn__=*NK-R\" target=\"_blank\" rel=\"noopener\">#AltaVerapaz<\/a><\/p>\n<p style=\"text-align: justify;\">Con el objetivo de impulsar el desarrollo en el departamento, la Sra. Gobernadora Departamental de Alta Verapaz, Licda. Angela Yelitza Alvarado Ten\u00ed en compa\u00f1\u00eda de la Directora Ejecutiva del <a href=\"https:\/\/www.facebook.com\/codede.av?__cft__[0]=AZUQ92JvP1IsIUajd1oYjjBY24gPAeRX1TTd0TYbfv7Yoz7G5_nIdRn8QkOPhAK1ve0AIzKs35VClTQEJTlsKjBUzMVK1RvRDjyiQMzFEh70USQNMeAqI_wyanycx-zGe1v0dkLoYnkZHvI_puEfIA0GYncaykY5yIgVwC7JVO21-DMqgpyqhn2bQ-_b_EmM0ok&amp;__tn__=-]K-R\" target=\"_blank\" rel=\"noopener\">Codede AV<\/a>\u00a0 Ing. Nict\u00e9 Herrera, llevaron a cabo el acto de firma de convenio de ejecuci\u00f3n de obras entre el Consejo Departamental de Desarrollo y la <a href=\"https:\/\/www.facebook.com\/profile.php?id=100027942715316&amp;__cft__[0]=AZUQ92JvP1IsIUajd1oYjjBY24gPAeRX1TTd0TYbfv7Yoz7G5_nIdRn8QkOPhAK1ve0AIzKs35VClTQEJTlsKjBUzMVK1RvRDjyiQMzFEh70USQNMeAqI_wyanycx-zGe1v0dkLoYnkZHvI_puEfIA0GYncaykY5yIgVwC7JVO21-DMqgpyqhn2bQ-_b_EmM0ok&amp;__tn__=-]K-R\" target=\"_blank\" rel=\"noopener\">Municipalidad de Panz\u00f3s 2020-2024<\/a>. Convenio que permitir\u00e1 la ejecuci\u00f3n en este a\u00f1o de los proyectos:<\/p>\n<ul style=\"text-align: justify;\">\n<li>Mejoramiento Calle Barrio Poza Azul I a Barrio San Juan Panz\u00f3s, Alta Verapaz<\/li>\n<li>Mejoramiento Camino Rural Caser\u00edo Tierra Seca Xucup Panz\u00f3s, Alta Verapaz.<\/li>\n<\/ul>\n<p style=\"text-align: justify;\"><a href=\"https:\/\/www.facebook.com\/hashtag\/elgobdelosguatemaltecos?__eep__=6&amp;__cft__[0]=AZUQ92JvP1IsIUajd1oYjjBY24gPAeRX1TTd0TYbfv7Yoz7G5_nIdRn8QkOPhAK1ve0AIzKs35VClTQEJTlsKjBUzMVK1RvRDjyiQMzFEh70USQNMeAqI_wyanycx-zGe1v0dkLoYnkZHvI_puEfIA0GYncaykY5yIgVwC7JVO21-DMqgpyqhn2bQ-_b_EmM0ok&amp;__tn__=*NK-R\" target=\"_blank\" rel=\"noopener\">#ElGobDeLosGuatemaltecos<\/a><\/p>\n<div><\/div>\n","protected":false},"excerpt":{"rendered":"<p>#AltaVerapaz Con el objetivo de impulsar el desarrollo en el departamento, la Sra. Gobernadora Departamental de Alta Verapaz, Licda. Angela Yelitza Alvarado Ten\u00ed en compa\u00f1\u00eda de la Directora Ejecutiva del Codede AV\u00a0 Ing. Nict\u00e9 Herrera, llevaron a cabo el acto de firma de convenio de ejecuci\u00f3n de obras entre el Consejo Departamental de Desarrollo y [&hellip;]<\/p>\n","protected":false},"author":1,"featured_media":16797,"comment_status":"closed","ping_status":"open","sticky":false,"template":"","format":"gallery","meta":[],"categories":[183],"tags":[178],"_links":{"self":[{"href":"https:\/\/gobernacionaltaverapaz.gob.gt\/index.php?rest_route=\/wp\/v2\/posts\/16796"}],"collection":[{"href":"https:\/\/gobernacionaltaverapaz.gob.gt\/index.php?rest_route=\/wp\/v2\/posts"}],"about":[{"href":"https:\/\/gobernacionaltaverapaz.gob.gt\/index.php?rest_route=\/wp\/v2\/types\/post"}],"author":[{"embeddable":true,"href":"https:\/\/gobernacionaltaverapaz.gob.gt\/index.php?rest_route=\/wp\/v2\/users\/1"}],"replies":[{"embeddable":true,"href":"https:\/\/gobernacionaltaverapaz.gob.gt\/index.php?rest_route=%2Fwp%2Fv2%2Fcomments&post=16796"}],"version-history":[{"count":2,"href":"https:\/\/gobernacionaltaverapaz.gob.gt\/index.php?rest_route=\/wp\/v2\/posts\/16796\/revisions"}],"predecessor-version":[{"id":16802,"href":"https:\/\/gobernacionaltaverapaz.gob.gt\/index.php?rest_route=\/wp\/v2\/posts\/16796\/revisions\/16802"}],"wp:featuredmedia":[{"embeddable":true,"href":"https:\/\/gobernacionaltaverapaz.gob.gt\/index.php?rest_route=\/wp\/v2\/media\/16797"}],"wp:attachment":[{"href":"https:\/\/gobernacionaltaverapaz.gob.gt\/index.php?rest_route=%2Fwp%2Fv2%2Fmedia&parent=16796"}],"wp:term":[{"taxonomy":"category","embeddable":true,"href":"https:\/\/gobernacionaltaverapaz.gob.gt\/index.php?rest_route=%2Fwp%2Fv2%2Fcategories&post=16796"},{"taxonomy":"post_tag","embeddable":true,"href":"https:\/\/gobernacionaltaverapaz.gob.gt\/index.php?rest_route=%2Fwp%2Fv2%2Ftags&post=16796"}],"curies":[{"name":"wp","href":"https:\/\/api.w.org\/{rel}","templated":true}]}}