{"id":16803,"date":"2023-08-28T19:30:02","date_gmt":"2023-08-29T01:30:02","guid":{"rendered":"https:\/\/gobernacionaltaverapaz.gob.gt\/?p=16803"},"modified":"2023-09-01T15:46:30","modified_gmt":"2023-09-01T21:46:30","slug":"inspeccion-a-distintos-establecimientos-abiertos-al-publico","status":"publish","type":"post","link":"https:\/\/gobernacionaltaverapaz.gob.gt\/?p=16803","title":{"rendered":"Inspecci\u00f3n a distintos establecimientos abiertos al p\u00fablico"},"content":{"rendered":"<p style=\"text-align: justify;\"><a href=\"https:\/\/www.facebook.com\/hashtag\/altaverapaz?__eep__=6&amp;__cft__[0]=AZXD1nhjocZ0tP3RjJ2Ukm67BCG_ut-oHCaGc8YRui4MQLJMS1Kz5LnwDj5U8YygJzItP_XyDH64ys2AXvq6r48S-7DXr3yJLyxL8xp9UQAaUD8hiyL-U4dtI6PZrEi6dvl5ivVOwgyeYxq23jeYdKnCJ5q308EfNreaJTAnsam04_wju99qSeZ9ixpBfIPjPik&amp;__tn__=*NK-R\" target=\"_blank\" rel=\"noopener\">#AltaVerapaz<\/a><\/p>\n<p style=\"text-align: justify;\">La Sra. Gobernadora Departamental de Alta Verapaz, en coordinaci\u00f3n con instituciones gubernamentales, realiz\u00f3 inspecci\u00f3n a distintos establecimientos abiertos al p\u00fablico, con el objetivo de regular su actividad principal. Estas acciones se realizan en pro de la protecci\u00f3n de todos los vecinos aleda\u00f1os a estos centros y poblaci\u00f3n en general.<\/p>\n<p style=\"text-align: justify;\"><a href=\"https:\/\/www.facebook.com\/hashtag\/elgobdelosguatemaltecos?__eep__=6&amp;__cft__[0]=AZXD1nhjocZ0tP3RjJ2Ukm67BCG_ut-oHCaGc8YRui4MQLJMS1Kz5LnwDj5U8YygJzItP_XyDH64ys2AXvq6r48S-7DXr3yJLyxL8xp9UQAaUD8hiyL-U4dtI6PZrEi6dvl5ivVOwgyeYxq23jeYdKnCJ5q308EfNreaJTAnsam04_wju99qSeZ9ixpBfIPjPik&amp;__tn__=*NK-R\" target=\"_blank\" rel=\"noopener\">#ElGobDeLosGuatemaltecos<\/a><\/p>\n<div><\/div>\n","protected":false},"excerpt":{"rendered":"<p>Con el objetivo de regular su actividad principal.<\/p>\n","protected":false},"author":1,"featured_media":16807,"comment_status":"closed","ping_status":"open","sticky":false,"template":"","format":"gallery","meta":[],"categories":[197],"tags":[178],"_links":{"self":[{"href":"https:\/\/gobernacionaltaverapaz.gob.gt\/index.php?rest_route=\/wp\/v2\/posts\/16803"}],"collection":[{"href":"https:\/\/gobernacionaltaverapaz.gob.gt\/index.php?rest_route=\/wp\/v2\/posts"}],"about":[{"href":"https:\/\/gobernacionaltaverapaz.gob.gt\/index.php?rest_route=\/wp\/v2\/types\/post"}],"author":[{"embeddable":true,"href":"https:\/\/gobernacionaltaverapaz.gob.gt\/index.php?rest_route=\/wp\/v2\/users\/1"}],"replies":[{"embeddable":true,"href":"https:\/\/gobernacionaltaverapaz.gob.gt\/index.php?rest_route=%2Fwp%2Fv2%2Fcomments&post=16803"}],"version-history":[{"count":3,"href":"https:\/\/gobernacionaltaverapaz.gob.gt\/index.php?rest_route=\/wp\/v2\/posts\/16803\/revisions"}],"predecessor-version":[{"id":16811,"href":"https:\/\/gobernacionaltaverapaz.gob.gt\/index.php?rest_route=\/wp\/v2\/posts\/16803\/revisions\/16811"}],"wp:featuredmedia":[{"embeddable":true,"href":"https:\/\/gobernacionaltaverapaz.gob.gt\/index.php?rest_route=\/wp\/v2\/media\/16807"}],"wp:attachment":[{"href":"https:\/\/gobernacionaltaverapaz.gob.gt\/index.php?rest_route=%2Fwp%2Fv2%2Fmedia&parent=16803"}],"wp:term":[{"taxonomy":"category","embeddable":true,"href":"https:\/\/gobernacionaltaverapaz.gob.gt\/index.php?rest_route=%2Fwp%2Fv2%2Fcategories&post=16803"},{"taxonomy":"post_tag","embeddable":true,"href":"https:\/\/gobernacionaltaverapaz.gob.gt\/index.php?rest_route=%2Fwp%2Fv2%2Ftags&post=16803"}],"curies":[{"name":"wp","href":"https:\/\/api.w.org\/{rel}","templated":true}]}}