{"id":16812,"date":"2023-08-29T13:08:43","date_gmt":"2023-08-29T19:08:43","guid":{"rendered":"https:\/\/gobernacionaltaverapaz.gob.gt\/?p=16812"},"modified":"2023-09-01T15:54:50","modified_gmt":"2023-09-01T21:54:50","slug":"reunion-con-el-comite-pro-festejos-patrios","status":"publish","type":"post","link":"https:\/\/gobernacionaltaverapaz.gob.gt\/?p=16812","title":{"rendered":"Reuni\u00f3n con el Comit\u00e9 Pro Festejos Patrios"},"content":{"rendered":"<p><a href=\"https:\/\/www.facebook.com\/hashtag\/altaverapaz?__eep__=6&amp;__cft__[0]=AZXGnSwH4zNF6WHoBVbp5iooszotKyOmDAssHxKDJez19op13rJDc018XkwPhT7UNq1AV9CHTHPR9HoVEZoYRq5e_0PYtTCLH2if4ebIkqontA7ELaCYEusxBRz4FFx0r1yLeIlCEXHBWPOCtEtC5GDxAmTG5sxwSuh-CHORn_wiwa7aFBMkcOOXxxiAY74-g5k&amp;__tn__=*NK-R\" target=\"_blank\" rel=\"noopener\">#AltaVerapaz<\/a><\/p>\n<p style=\"text-align: justify;\">El d\u00eda de hoy la Sra. Gobernadora Departamental de Alta Verapaz. Licda. Angela Yelitza Alvarado Ten\u00ed, sostuvo una reuni\u00f3n con el Comit\u00e9 Pro Festejos Patrios, con el objetivo de llevar a cabo la organizaci\u00f3n de Actividades de Independencia.<\/p>\n<p><a href=\"https:\/\/www.facebook.com\/hashtag\/elgobdelosguatemaltecos?__eep__=6&amp;__cft__[0]=AZXGnSwH4zNF6WHoBVbp5iooszotKyOmDAssHxKDJez19op13rJDc018XkwPhT7UNq1AV9CHTHPR9HoVEZoYRq5e_0PYtTCLH2if4ebIkqontA7ELaCYEusxBRz4FFx0r1yLeIlCEXHBWPOCtEtC5GDxAmTG5sxwSuh-CHORn_wiwa7aFBMkcOOXxxiAY74-g5k&amp;__tn__=*NK-R\" target=\"_blank\" rel=\"noopener\">#ElGobDeLosGuatemaltecos<\/a><\/p>\n<div><\/div>\n","protected":false},"excerpt":{"rendered":"<p>#AltaVerapaz El d\u00eda de hoy la Sra. Gobernadora Departamental de Alta Verapaz. Licda. Angela Yelitza Alvarado Ten\u00ed, sostuvo una reuni\u00f3n con el Comit\u00e9 Pro Festejos Patrios, con el objetivo de llevar a cabo la organizaci\u00f3n de Actividades de Independencia. #ElGobDeLosGuatemaltecos<\/p>\n","protected":false},"author":1,"featured_media":16814,"comment_status":"closed","ping_status":"open","sticky":false,"template":"","format":"gallery","meta":[],"categories":[183],"tags":[178],"_links":{"self":[{"href":"https:\/\/gobernacionaltaverapaz.gob.gt\/index.php?rest_route=\/wp\/v2\/posts\/16812"}],"collection":[{"href":"https:\/\/gobernacionaltaverapaz.gob.gt\/index.php?rest_route=\/wp\/v2\/posts"}],"about":[{"href":"https:\/\/gobernacionaltaverapaz.gob.gt\/index.php?rest_route=\/wp\/v2\/types\/post"}],"author":[{"embeddable":true,"href":"https:\/\/gobernacionaltaverapaz.gob.gt\/index.php?rest_route=\/wp\/v2\/users\/1"}],"replies":[{"embeddable":true,"href":"https:\/\/gobernacionaltaverapaz.gob.gt\/index.php?rest_route=%2Fwp%2Fv2%2Fcomments&post=16812"}],"version-history":[{"count":2,"href":"https:\/\/gobernacionaltaverapaz.gob.gt\/index.php?rest_route=\/wp\/v2\/posts\/16812\/revisions"}],"predecessor-version":[{"id":16819,"href":"https:\/\/gobernacionaltaverapaz.gob.gt\/index.php?rest_route=\/wp\/v2\/posts\/16812\/revisions\/16819"}],"wp:featuredmedia":[{"embeddable":true,"href":"https:\/\/gobernacionaltaverapaz.gob.gt\/index.php?rest_route=\/wp\/v2\/media\/16814"}],"wp:attachment":[{"href":"https:\/\/gobernacionaltaverapaz.gob.gt\/index.php?rest_route=%2Fwp%2Fv2%2Fmedia&parent=16812"}],"wp:term":[{"taxonomy":"category","embeddable":true,"href":"https:\/\/gobernacionaltaverapaz.gob.gt\/index.php?rest_route=%2Fwp%2Fv2%2Fcategories&post=16812"},{"taxonomy":"post_tag","embeddable":true,"href":"https:\/\/gobernacionaltaverapaz.gob.gt\/index.php?rest_route=%2Fwp%2Fv2%2Ftags&post=16812"}],"curies":[{"name":"wp","href":"https:\/\/api.w.org\/{rel}","templated":true}]}}