{"id":16825,"date":"2023-08-30T17:31:17","date_gmt":"2023-08-30T23:31:17","guid":{"rendered":"https:\/\/gobernacionaltaverapaz.gob.gt\/?p=16825"},"modified":"2023-09-01T16:14:43","modified_gmt":"2023-09-01T22:14:43","slug":"juramentacion-y-presentacion-de-finalistas-a-la-etapa-nacional-de-la-olimpiada-nacional-de-ciencias-%c2%a8onc%c2%a8","status":"publish","type":"post","link":"https:\/\/gobernacionaltaverapaz.gob.gt\/?p=16825","title":{"rendered":"Juramentaci\u00f3n y Presentaci\u00f3n de Finalistas a la Etapa Nacional de la Olimpiada Nacional de Ciencias \u00a8ONC\u00a8"},"content":{"rendered":"<p style=\"text-align: justify;\"><a href=\"https:\/\/www.facebook.com\/hashtag\/altaverapaz?__eep__=6&amp;__cft__[0]=AZWgIRSAvdv5kaFc09XQoPff5WcqOLN4Ocu1Phir9baL6OFPr5Ia01ysaXgZcCZsJlLe8sEZELmPcbR2FRjs26RdDWOMcG5yVZbCtKdqRc-lUikdT3qjqVin4ZBFzC9auON4Bq4G5AHpHdg-nE3Zyg6JvLDCt4baeu0216qK1N4Q3OME8IVvLzGtBgGwrbnDwec&amp;__tn__=*NK-R\" target=\"_blank\" rel=\"noopener\">#AltaVerapaz<\/a><\/p>\n<p style=\"text-align: justify;\">El d\u00eda de hoy se llev\u00f3 a cabo la Juramentaci\u00f3n y Presentaci\u00f3n de Finalistas a la Etapa Nacional de la Olimpiada Nacional de Ciencias \u00a8ONC\u00a8. Contando con la presencia de la Sra. Gobernadora Departamental de Alta Verapaz. Licda. Angela Yelitza Alvarado Ten\u00ed y Director Departamental de Educaci\u00f3n, <a href=\"https:\/\/www.facebook.com\/MineducGuate?__cft__[0]=AZWgIRSAvdv5kaFc09XQoPff5WcqOLN4Ocu1Phir9baL6OFPr5Ia01ysaXgZcCZsJlLe8sEZELmPcbR2FRjs26RdDWOMcG5yVZbCtKdqRc-lUikdT3qjqVin4ZBFzC9auON4Bq4G5AHpHdg-nE3Zyg6JvLDCt4baeu0216qK1N4Q3OME8IVvLzGtBgGwrbnDwec&amp;__tn__=-]K-R\" target=\"_blank\" rel=\"noopener\">Ministerio de Educaci\u00f3n de Guatemala (P\u00e1gina Oficial)<\/a> Lic. Edgar Ch\u00e9n Bac.<\/p>\n<p style=\"text-align: justify;\">-El aprendizaje es un tesoro que sigue a su propietario durante toda la vida.-<\/p>\n<p style=\"text-align: justify;\"><a href=\"https:\/\/www.facebook.com\/hashtag\/elgobdelosguatemaltecos?__eep__=6&amp;__cft__[0]=AZWgIRSAvdv5kaFc09XQoPff5WcqOLN4Ocu1Phir9baL6OFPr5Ia01ysaXgZcCZsJlLe8sEZELmPcbR2FRjs26RdDWOMcG5yVZbCtKdqRc-lUikdT3qjqVin4ZBFzC9auON4Bq4G5AHpHdg-nE3Zyg6JvLDCt4baeu0216qK1N4Q3OME8IVvLzGtBgGwrbnDwec&amp;__tn__=*NK-R\" target=\"_blank\" rel=\"noopener\">#ElGobDeLosGuatemaltecos<\/a><\/p>\n<div><\/div>\n","protected":false},"excerpt":{"rendered":"<p>#AltaVerapaz El d\u00eda de hoy se llev\u00f3 a cabo la Juramentaci\u00f3n y Presentaci\u00f3n de Finalistas a la Etapa Nacional de la Olimpiada Nacional de Ciencias \u00a8ONC\u00a8. Contando con la presencia de la Sra. Gobernadora Departamental de Alta Verapaz. Licda. Angela Yelitza Alvarado Ten\u00ed y Director Departamental de Educaci\u00f3n, Ministerio de Educaci\u00f3n de Guatemala (P\u00e1gina Oficial) [&hellip;]<\/p>\n","protected":false},"author":1,"featured_media":16835,"comment_status":"closed","ping_status":"open","sticky":false,"template":"","format":"gallery","meta":[],"categories":[2],"tags":[178],"_links":{"self":[{"href":"https:\/\/gobernacionaltaverapaz.gob.gt\/index.php?rest_route=\/wp\/v2\/posts\/16825"}],"collection":[{"href":"https:\/\/gobernacionaltaverapaz.gob.gt\/index.php?rest_route=\/wp\/v2\/posts"}],"about":[{"href":"https:\/\/gobernacionaltaverapaz.gob.gt\/index.php?rest_route=\/wp\/v2\/types\/post"}],"author":[{"embeddable":true,"href":"https:\/\/gobernacionaltaverapaz.gob.gt\/index.php?rest_route=\/wp\/v2\/users\/1"}],"replies":[{"embeddable":true,"href":"https:\/\/gobernacionaltaverapaz.gob.gt\/index.php?rest_route=%2Fwp%2Fv2%2Fcomments&post=16825"}],"version-history":[{"count":2,"href":"https:\/\/gobernacionaltaverapaz.gob.gt\/index.php?rest_route=\/wp\/v2\/posts\/16825\/revisions"}],"predecessor-version":[{"id":16837,"href":"https:\/\/gobernacionaltaverapaz.gob.gt\/index.php?rest_route=\/wp\/v2\/posts\/16825\/revisions\/16837"}],"wp:featuredmedia":[{"embeddable":true,"href":"https:\/\/gobernacionaltaverapaz.gob.gt\/index.php?rest_route=\/wp\/v2\/media\/16835"}],"wp:attachment":[{"href":"https:\/\/gobernacionaltaverapaz.gob.gt\/index.php?rest_route=%2Fwp%2Fv2%2Fmedia&parent=16825"}],"wp:term":[{"taxonomy":"category","embeddable":true,"href":"https:\/\/gobernacionaltaverapaz.gob.gt\/index.php?rest_route=%2Fwp%2Fv2%2Fcategories&post=16825"},{"taxonomy":"post_tag","embeddable":true,"href":"https:\/\/gobernacionaltaverapaz.gob.gt\/index.php?rest_route=%2Fwp%2Fv2%2Ftags&post=16825"}],"curies":[{"name":"wp","href":"https:\/\/api.w.org\/{rel}","templated":true}]}}