{"id":16838,"date":"2023-08-31T13:14:55","date_gmt":"2023-08-31T19:14:55","guid":{"rendered":"https:\/\/gobernacionaltaverapaz.gob.gt\/?p=16838"},"modified":"2023-09-01T16:34:58","modified_gmt":"2023-09-01T22:34:58","slug":"mesa-tecnica-sobre-la-problematica-de-la-inestabilidad-de-la-energia-electrica-en-el-departamento","status":"publish","type":"post","link":"https:\/\/gobernacionaltaverapaz.gob.gt\/?p=16838","title":{"rendered":"Mesa T\u00e9cnica sobre la Problem\u00e1tica de la Inestabilidad de la Energ\u00eda El\u00e9ctrica en el Departamento"},"content":{"rendered":"<p><a href=\"https:\/\/www.facebook.com\/hashtag\/altaverapaz?__eep__=6&amp;__cft__[0]=AZUAVaReo2oHLDhBXBXMX93M2t6wHDzvfRFoSBkxvdhzR3lv0gqsh6reAevooGVNttpd7lN7IPK_w6nCQnK2e0e70mtTgBgbArj50jkmWI0RplcMvgd0QQEbRyGdm1t90Iaok4Tw-vfWIoEsos-llXOxSeYgosY47nIwrXQ8OynL3Ew2D_xt79vmiiJy6gDpuYE&amp;__tn__=*NK-R\" target=\"_blank\" rel=\"noopener\">#AltaVerapaz<\/a><\/p>\n<p style=\"text-align: justify;\">El d\u00eda de hoy se lleva a cabo la Mesa T\u00e9cnica sobre la Problem\u00e1tica de la Inestabilidad de la Energ\u00eda El\u00e9ctrica en el Departamento, contando con la presencia de la Se\u00f1ora Gobernadora Departamental de Alta Verapaz. Licda. Angela Yelitza Alvarado Teni. Donde tuvieron participaci\u00f3n las Instituciones y Municipalidades de <a href=\"https:\/\/www.facebook.com\/MiMuniCoban?__cft__[0]=AZUAVaReo2oHLDhBXBXMX93M2t6wHDzvfRFoSBkxvdhzR3lv0gqsh6reAevooGVNttpd7lN7IPK_w6nCQnK2e0e70mtTgBgbArj50jkmWI0RplcMvgd0QQEbRyGdm1t90Iaok4Tw-vfWIoEsos-llXOxSeYgosY47nIwrXQ8OynL3Ew2D_xt79vmiiJy6gDpuYE&amp;__tn__=-]K-R\" target=\"_blank\" rel=\"noopener\">Municipalidad de Cob\u00e1n<\/a>, <a href=\"https:\/\/www.facebook.com\/MuniChamelco?__cft__[0]=AZUAVaReo2oHLDhBXBXMX93M2t6wHDzvfRFoSBkxvdhzR3lv0gqsh6reAevooGVNttpd7lN7IPK_w6nCQnK2e0e70mtTgBgbArj50jkmWI0RplcMvgd0QQEbRyGdm1t90Iaok4Tw-vfWIoEsos-llXOxSeYgosY47nIwrXQ8OynL3Ew2D_xt79vmiiJy6gDpuYE&amp;__tn__=-]K-R\" target=\"_blank\" rel=\"noopener\">Municipalidad de San Juan Chamelco A.V.<\/a> <a href=\"https:\/\/www.facebook.com\/TuMuniRax?__cft__[0]=AZUAVaReo2oHLDhBXBXMX93M2t6wHDzvfRFoSBkxvdhzR3lv0gqsh6reAevooGVNttpd7lN7IPK_w6nCQnK2e0e70mtTgBgbArj50jkmWI0RplcMvgd0QQEbRyGdm1t90Iaok4Tw-vfWIoEsos-llXOxSeYgosY47nIwrXQ8OynL3Ew2D_xt79vmiiJy6gDpuYE&amp;__tn__=-]K-R\" target=\"_blank\" rel=\"noopener\">Muni Raxruh\u00e1<\/a> y <a href=\"https:\/\/www.facebook.com\/profile.php?id=100085389811870&amp;__cft__[0]=AZUAVaReo2oHLDhBXBXMX93M2t6wHDzvfRFoSBkxvdhzR3lv0gqsh6reAevooGVNttpd7lN7IPK_w6nCQnK2e0e70mtTgBgbArj50jkmWI0RplcMvgd0QQEbRyGdm1t90Iaok4Tw-vfWIoEsos-llXOxSeYgosY47nIwrXQ8OynL3Ew2D_xt79vmiiJy6gDpuYE&amp;__tn__=-]K-R\" target=\"_blank\" rel=\"noopener\">Municipalidad de Chahal Oficial<\/a>, representantes de <a href=\"https:\/\/www.facebook.com\/ENERGUATE?__cft__[0]=AZUAVaReo2oHLDhBXBXMX93M2t6wHDzvfRFoSBkxvdhzR3lv0gqsh6reAevooGVNttpd7lN7IPK_w6nCQnK2e0e70mtTgBgbArj50jkmWI0RplcMvgd0QQEbRyGdm1t90Iaok4Tw-vfWIoEsos-llXOxSeYgosY47nIwrXQ8OynL3Ew2D_xt79vmiiJy6gDpuYE&amp;__tn__=-]K-R\" target=\"_blank\" rel=\"noopener\">ENERGUATE<\/a>, <a href=\"https:\/\/www.facebook.com\/hashtag\/inde?__eep__=6&amp;__cft__[0]=AZUAVaReo2oHLDhBXBXMX93M2t6wHDzvfRFoSBkxvdhzR3lv0gqsh6reAevooGVNttpd7lN7IPK_w6nCQnK2e0e70mtTgBgbArj50jkmWI0RplcMvgd0QQEbRyGdm1t90Iaok4Tw-vfWIoEsos-llXOxSeYgosY47nIwrXQ8OynL3Ew2D_xt79vmiiJy6gDpuYE&amp;__tn__=*NK-R\" target=\"_blank\" rel=\"noopener\">#INDE<\/a>, <a href=\"https:\/\/www.facebook.com\/hashtag\/pdh?__eep__=6&amp;__cft__[0]=AZUAVaReo2oHLDhBXBXMX93M2t6wHDzvfRFoSBkxvdhzR3lv0gqsh6reAevooGVNttpd7lN7IPK_w6nCQnK2e0e70mtTgBgbArj50jkmWI0RplcMvgd0QQEbRyGdm1t90Iaok4Tw-vfWIoEsos-llXOxSeYgosY47nIwrXQ8OynL3Ew2D_xt79vmiiJy6gDpuYE&amp;__tn__=*NK-R\" target=\"_blank\" rel=\"noopener\">#PDH<\/a> Guatemala, <a href=\"https:\/\/www.facebook.com\/hashtag\/pdh?__eep__=6&amp;__cft__[0]=AZUAVaReo2oHLDhBXBXMX93M2t6wHDzvfRFoSBkxvdhzR3lv0gqsh6reAevooGVNttpd7lN7IPK_w6nCQnK2e0e70mtTgBgbArj50jkmWI0RplcMvgd0QQEbRyGdm1t90Iaok4Tw-vfWIoEsos-llXOxSeYgosY47nIwrXQ8OynL3Ew2D_xt79vmiiJy6gDpuYE&amp;__tn__=*NK-R\" target=\"_blank\" rel=\"noopener\">#PDH<\/a> ALTAVERAPAZ, <a href=\"https:\/\/www.facebook.com\/hashtag\/pnc?__eep__=6&amp;__cft__[0]=AZUAVaReo2oHLDhBXBXMX93M2t6wHDzvfRFoSBkxvdhzR3lv0gqsh6reAevooGVNttpd7lN7IPK_w6nCQnK2e0e70mtTgBgbArj50jkmWI0RplcMvgd0QQEbRyGdm1t90Iaok4Tw-vfWIoEsos-llXOxSeYgosY47nIwrXQ8OynL3Ew2D_xt79vmiiJy6gDpuYE&amp;__tn__=*NK-R\" target=\"_blank\" rel=\"noopener\">#PNC<\/a>, <a href=\"https:\/\/www.facebook.com\/maga.gt?__cft__[0]=AZUAVaReo2oHLDhBXBXMX93M2t6wHDzvfRFoSBkxvdhzR3lv0gqsh6reAevooGVNttpd7lN7IPK_w6nCQnK2e0e70mtTgBgbArj50jkmWI0RplcMvgd0QQEbRyGdm1t90Iaok4Tw-vfWIoEsos-llXOxSeYgosY47nIwrXQ8OynL3Ew2D_xt79vmiiJy6gDpuYE&amp;__tn__=-]K-R\" target=\"_blank\" rel=\"noopener\">Ministerio de Agricultura, Ganader\u00eda y Alimentaci\u00f3n &#8211; MAGA<\/a>, <a href=\"https:\/\/www.facebook.com\/hashtag\/copadeh?__eep__=6&amp;__cft__[0]=AZUAVaReo2oHLDhBXBXMX93M2t6wHDzvfRFoSBkxvdhzR3lv0gqsh6reAevooGVNttpd7lN7IPK_w6nCQnK2e0e70mtTgBgbArj50jkmWI0RplcMvgd0QQEbRyGdm1t90Iaok4Tw-vfWIoEsos-llXOxSeYgosY47nIwrXQ8OynL3Ew2D_xt79vmiiJy6gDpuYE&amp;__tn__=*NK-R\" target=\"_blank\" rel=\"noopener\">#COPADEH<\/a>, #<a href=\"https:\/\/www.facebook.com\/hashtag\/pueblo?__eep__=6&amp;__cft__[0]=AZUAVaReo2oHLDhBXBXMX93M2t6wHDzvfRFoSBkxvdhzR3lv0gqsh6reAevooGVNttpd7lN7IPK_w6nCQnK2e0e70mtTgBgbArj50jkmWI0RplcMvgd0QQEbRyGdm1t90Iaok4Tw-vfWIoEsos-llXOxSeYgosY47nIwrXQ8OynL3Ew2D_xt79vmiiJy6gDpuYE&amp;__tn__=*NK-R\" target=\"_blank\" rel=\"noopener\">PUEBLO Q&#8217;EQCHI&#8217;<\/a>, <a href=\"https:\/\/www.facebook.com\/MEMguatemala?__cft__[0]=AZUAVaReo2oHLDhBXBXMX93M2t6wHDzvfRFoSBkxvdhzR3lv0gqsh6reAevooGVNttpd7lN7IPK_w6nCQnK2e0e70mtTgBgbArj50jkmWI0RplcMvgd0QQEbRyGdm1t90Iaok4Tw-vfWIoEsos-llXOxSeYgosY47nIwrXQ8OynL3Ew2D_xt79vmiiJy6gDpuYE&amp;__tn__=-]K-R\" target=\"_blank\" rel=\"noopener\">Ministerio de Energ\u00eda y Minas<\/a>, <a href=\"https:\/\/www.facebook.com\/mingobguate?__cft__[0]=AZUAVaReo2oHLDhBXBXMX93M2t6wHDzvfRFoSBkxvdhzR3lv0gqsh6reAevooGVNttpd7lN7IPK_w6nCQnK2e0e70mtTgBgbArj50jkmWI0RplcMvgd0QQEbRyGdm1t90Iaok4Tw-vfWIoEsos-llXOxSeYgosY47nIwrXQ8OynL3Ew2D_xt79vmiiJy6gDpuYE&amp;__tn__=-]K-R\" target=\"_blank\" rel=\"noopener\">Ministerio de Gobernaci\u00f3n Guatemala<\/a>, <a href=\"https:\/\/www.facebook.com\/SegeplanGT?__cft__[0]=AZUAVaReo2oHLDhBXBXMX93M2t6wHDzvfRFoSBkxvdhzR3lv0gqsh6reAevooGVNttpd7lN7IPK_w6nCQnK2e0e70mtTgBgbArj50jkmWI0RplcMvgd0QQEbRyGdm1t90Iaok4Tw-vfWIoEsos-llXOxSeYgosY47nIwrXQ8OynL3Ew2D_xt79vmiiJy6gDpuYE&amp;__tn__=-]K-R\" target=\"_blank\" rel=\"noopener\">SEGEPLAN Guatemala<\/a>. Con el objetivo de poder buscar soluciones en beneficio de la poblaci\u00f3n.<\/p>\n<p><a href=\"https:\/\/www.facebook.com\/hashtag\/elgobdelosguatemaltecos?__eep__=6&amp;__cft__[0]=AZUAVaReo2oHLDhBXBXMX93M2t6wHDzvfRFoSBkxvdhzR3lv0gqsh6reAevooGVNttpd7lN7IPK_w6nCQnK2e0e70mtTgBgbArj50jkmWI0RplcMvgd0QQEbRyGdm1t90Iaok4Tw-vfWIoEsos-llXOxSeYgosY47nIwrXQ8OynL3Ew2D_xt79vmiiJy6gDpuYE&amp;__tn__=*NK-R\" target=\"_blank\" rel=\"noopener\">#ElGobDeLosGuatemaltecos<\/a><br \/>\n<a href=\"https:\/\/www.facebook.com\/hashtag\/accionesquetransforman?__eep__=6&amp;__cft__[0]=AZUAVaReo2oHLDhBXBXMX93M2t6wHDzvfRFoSBkxvdhzR3lv0gqsh6reAevooGVNttpd7lN7IPK_w6nCQnK2e0e70mtTgBgbArj50jkmWI0RplcMvgd0QQEbRyGdm1t90Iaok4Tw-vfWIoEsos-llXOxSeYgosY47nIwrXQ8OynL3Ew2D_xt79vmiiJy6gDpuYE&amp;__tn__=*NK-R\" target=\"_blank\" rel=\"noopener\">#AccionesQueTransforman<\/a><\/p>\n<div><\/div>\n","protected":false},"excerpt":{"rendered":"<p>#AltaVerapaz El d\u00eda de hoy se lleva a cabo la Mesa T\u00e9cnica sobre la Problem\u00e1tica de la Inestabilidad de la Energ\u00eda El\u00e9ctrica en el Departamento, contando con la presencia de la Se\u00f1ora Gobernadora Departamental de Alta Verapaz. Licda. Angela Yelitza Alvarado Teni. Donde tuvieron participaci\u00f3n las Instituciones y Municipalidades de Municipalidad de Cob\u00e1n, Municipalidad de [&hellip;]<\/p>\n","protected":false},"author":1,"featured_media":16843,"comment_status":"closed","ping_status":"open","sticky":false,"template":"","format":"gallery","meta":[],"categories":[201],"tags":[178],"_links":{"self":[{"href":"https:\/\/gobernacionaltaverapaz.gob.gt\/index.php?rest_route=\/wp\/v2\/posts\/16838"}],"collection":[{"href":"https:\/\/gobernacionaltaverapaz.gob.gt\/index.php?rest_route=\/wp\/v2\/posts"}],"about":[{"href":"https:\/\/gobernacionaltaverapaz.gob.gt\/index.php?rest_route=\/wp\/v2\/types\/post"}],"author":[{"embeddable":true,"href":"https:\/\/gobernacionaltaverapaz.gob.gt\/index.php?rest_route=\/wp\/v2\/users\/1"}],"replies":[{"embeddable":true,"href":"https:\/\/gobernacionaltaverapaz.gob.gt\/index.php?rest_route=%2Fwp%2Fv2%2Fcomments&post=16838"}],"version-history":[{"count":2,"href":"https:\/\/gobernacionaltaverapaz.gob.gt\/index.php?rest_route=\/wp\/v2\/posts\/16838\/revisions"}],"predecessor-version":[{"id":16849,"href":"https:\/\/gobernacionaltaverapaz.gob.gt\/index.php?rest_route=\/wp\/v2\/posts\/16838\/revisions\/16849"}],"wp:featuredmedia":[{"embeddable":true,"href":"https:\/\/gobernacionaltaverapaz.gob.gt\/index.php?rest_route=\/wp\/v2\/media\/16843"}],"wp:attachment":[{"href":"https:\/\/gobernacionaltaverapaz.gob.gt\/index.php?rest_route=%2Fwp%2Fv2%2Fmedia&parent=16838"}],"wp:term":[{"taxonomy":"category","embeddable":true,"href":"https:\/\/gobernacionaltaverapaz.gob.gt\/index.php?rest_route=%2Fwp%2Fv2%2Fcategories&post=16838"},{"taxonomy":"post_tag","embeddable":true,"href":"https:\/\/gobernacionaltaverapaz.gob.gt\/index.php?rest_route=%2Fwp%2Fv2%2Ftags&post=16838"}],"curies":[{"name":"wp","href":"https:\/\/api.w.org\/{rel}","templated":true}]}}