{"id":16850,"date":"2023-09-01T13:00:53","date_gmt":"2023-09-01T19:00:53","guid":{"rendered":"https:\/\/gobernacionaltaverapaz.gob.gt\/?p=16850"},"modified":"2023-09-01T17:03:02","modified_gmt":"2023-09-01T23:03:02","slug":"senora-gobernadora-departamental-de-alta-verapaz-participo-en-conferencia-de-prensa","status":"publish","type":"post","link":"https:\/\/gobernacionaltaverapaz.gob.gt\/?p=16850","title":{"rendered":"Se\u00f1ora Gobernadora Departamental de Alta Verapaz particip\u00f3 en Conferencia de Prensa"},"content":{"rendered":"<p style=\"text-align: justify;\"><a href=\"https:\/\/www.facebook.com\/hashtag\/altaverapaz?__eep__=6&amp;__cft__[0]=AZXmXbECx8GM2VbnIb5vXdNgZQTPtYzj_LnLZQqVgw14_xbWrW38QTPVV6-XbmIEiMdohLA3QgsFrkQP01UTIV4SwrEvoXLqwZnV7mJz8pEPYW2eIQHDIB149edKjkMlJNJoFYzcS4My1Q5hAAYG4QnKM446wrBgHwhjX6vM3uY2Qei5-zjsHXyCyPsJQqG_wNY&amp;__tn__=*NK-R\" target=\"_blank\" rel=\"noopener\">#AltaVerapaz<\/a><\/p>\n<p style=\"text-align: justify;\">El d\u00eda de hoy la Se\u00f1ora Gobernadora Departamental de Alta Verapaz. Licda. Angela Yelitza Alvarado Ten\u00ed, particip\u00f3 en la Conferencia de Prensa, convocada por la <a href=\"https:\/\/www.facebook.com\/MiMuniCoban?__cft__[0]=AZXmXbECx8GM2VbnIb5vXdNgZQTPtYzj_LnLZQqVgw14_xbWrW38QTPVV6-XbmIEiMdohLA3QgsFrkQP01UTIV4SwrEvoXLqwZnV7mJz8pEPYW2eIQHDIB149edKjkMlJNJoFYzcS4My1Q5hAAYG4QnKM446wrBgHwhjX6vM3uY2Qei5-zjsHXyCyPsJQqG_wNY&amp;__tn__=-]K-R\" target=\"_blank\" rel=\"noopener\">Municipalidad De Cob\u00e1n<\/a>, <a href=\"https:\/\/www.facebook.com\/MinisteriodeSaludPublicayAsistenciaSocial?__cft__[0]=AZXmXbECx8GM2VbnIb5vXdNgZQTPtYzj_LnLZQqVgw14_xbWrW38QTPVV6-XbmIEiMdohLA3QgsFrkQP01UTIV4SwrEvoXLqwZnV7mJz8pEPYW2eIQHDIB149edKjkMlJNJoFYzcS4My1Q5hAAYG4QnKM446wrBgHwhjX6vM3uY2Qei5-zjsHXyCyPsJQqG_wNY&amp;__tn__=-]K-R\" target=\"_blank\" rel=\"noopener\">Ministerio de Salud P\u00fablica y Asistencia Social<\/a>. Con el objetivo de dar a conocer la situaci\u00f3n actual de casos de Dengue en el municipio de Cob\u00e1n, Alta Verapaz, as\u00ed mismo brindar recomendaciones a la poblaci\u00f3n para mitigar el contagio.<\/p>\n<p style=\"text-align: justify;\">Se cont\u00f3 tambi\u00e9n con la presencia de Cocodes de primer y segundo nivel, medios de comunicaci\u00f3n y Delegados de diferentes instituciones del ejecutivo.<\/p>\n<p><a href=\"https:\/\/www.facebook.com\/hashtag\/elgobdelosguatemaltecos?__eep__=6&amp;__cft__[0]=AZXmXbECx8GM2VbnIb5vXdNgZQTPtYzj_LnLZQqVgw14_xbWrW38QTPVV6-XbmIEiMdohLA3QgsFrkQP01UTIV4SwrEvoXLqwZnV7mJz8pEPYW2eIQHDIB149edKjkMlJNJoFYzcS4My1Q5hAAYG4QnKM446wrBgHwhjX6vM3uY2Qei5-zjsHXyCyPsJQqG_wNY&amp;__tn__=*NK-R\" target=\"_blank\" rel=\"noopener\">#ElGobDeLosGuatemaltecos<\/a><br \/>\n<a class=\"x1i10hfl xjbqb8w x6umtig x1b1mbwd xaqea5y xav7gou x9f619 x1ypdohk xt0psk2 xe8uvvx xdj266r x11i5rnm xat24cr x1mh8g0r xexx8yu x4uap5 x18d9i69 xkhd6sd x16tdsg8 x1hl2dhg xggy1nq x1a2a7pz xt0b8zv x1qq9wsj xo1l8bm\" tabindex=\"0\" role=\"link\" href=\"https:\/\/www.facebook.com\/hashtag\/accionesquetransforman?__eep__=6&amp;__cft__[0]=AZXmXbECx8GM2VbnIb5vXdNgZQTPtYzj_LnLZQqVgw14_xbWrW38QTPVV6-XbmIEiMdohLA3QgsFrkQP01UTIV4SwrEvoXLqwZnV7mJz8pEPYW2eIQHDIB149edKjkMlJNJoFYzcS4My1Q5hAAYG4QnKM446wrBgHwhjX6vM3uY2Qei5-zjsHXyCyPsJQqG_wNY&amp;__tn__=*NK-R\" target=\"_blank\" rel=\"noopener\">#AccionesQueTransforman<\/a><\/p>\n<div><\/div>\n","protected":false},"excerpt":{"rendered":"<p>#AltaVerapaz El d\u00eda de hoy la Se\u00f1ora Gobernadora Departamental de Alta Verapaz. Licda. Angela Yelitza Alvarado Ten\u00ed, particip\u00f3 en la Conferencia de Prensa, convocada por la Municipalidad De Cob\u00e1n, Ministerio de Salud P\u00fablica y Asistencia Social. Con el objetivo de dar a conocer la situaci\u00f3n actual de casos de Dengue en el municipio de Cob\u00e1n, [&hellip;]<\/p>\n","protected":false},"author":1,"featured_media":16851,"comment_status":"closed","ping_status":"open","sticky":false,"template":"","format":"gallery","meta":[],"categories":[199],"tags":[178],"_links":{"self":[{"href":"https:\/\/gobernacionaltaverapaz.gob.gt\/index.php?rest_route=\/wp\/v2\/posts\/16850"}],"collection":[{"href":"https:\/\/gobernacionaltaverapaz.gob.gt\/index.php?rest_route=\/wp\/v2\/posts"}],"about":[{"href":"https:\/\/gobernacionaltaverapaz.gob.gt\/index.php?rest_route=\/wp\/v2\/types\/post"}],"author":[{"embeddable":true,"href":"https:\/\/gobernacionaltaverapaz.gob.gt\/index.php?rest_route=\/wp\/v2\/users\/1"}],"replies":[{"embeddable":true,"href":"https:\/\/gobernacionaltaverapaz.gob.gt\/index.php?rest_route=%2Fwp%2Fv2%2Fcomments&post=16850"}],"version-history":[{"count":2,"href":"https:\/\/gobernacionaltaverapaz.gob.gt\/index.php?rest_route=\/wp\/v2\/posts\/16850\/revisions"}],"predecessor-version":[{"id":16859,"href":"https:\/\/gobernacionaltaverapaz.gob.gt\/index.php?rest_route=\/wp\/v2\/posts\/16850\/revisions\/16859"}],"wp:featuredmedia":[{"embeddable":true,"href":"https:\/\/gobernacionaltaverapaz.gob.gt\/index.php?rest_route=\/wp\/v2\/media\/16851"}],"wp:attachment":[{"href":"https:\/\/gobernacionaltaverapaz.gob.gt\/index.php?rest_route=%2Fwp%2Fv2%2Fmedia&parent=16850"}],"wp:term":[{"taxonomy":"category","embeddable":true,"href":"https:\/\/gobernacionaltaverapaz.gob.gt\/index.php?rest_route=%2Fwp%2Fv2%2Fcategories&post=16850"},{"taxonomy":"post_tag","embeddable":true,"href":"https:\/\/gobernacionaltaverapaz.gob.gt\/index.php?rest_route=%2Fwp%2Fv2%2Ftags&post=16850"}],"curies":[{"name":"wp","href":"https:\/\/api.w.org\/{rel}","templated":true}]}}