{"id":16862,"date":"2023-09-04T15:24:55","date_gmt":"2023-09-04T21:24:55","guid":{"rendered":"https:\/\/gobernacionaltaverapaz.gob.gt\/?p=16862"},"modified":"2023-09-11T10:10:34","modified_gmt":"2023-09-11T16:10:34","slug":"supervision-de-proyectos","status":"publish","type":"post","link":"https:\/\/gobernacionaltaverapaz.gob.gt\/?p=16862","title":{"rendered":"Supervisi\u00f3n de proyectos"},"content":{"rendered":"<p><a href=\"https:\/\/www.facebook.com\/hashtag\/altaverapaz?__eep__=6&amp;__cft__[0]=AZVSP2t_RPoO5MsiT3gFpTXmgDL1su__w44K6RrXsRsCnkQV_dJUGeFHLD2Yz_q8cmNXasX9X3Le6WaKkrsJLJz_yxbtiexrUULk5f3RT58OGyWQ6dS3-YJ_KZ72z3Gk1aEtUzdFOEbjgpKDoEnv32ag2NnDXsA8kxAMiZwyB9GPGMHlkHjOHBfEelARp8GHkcQ&amp;__tn__=*NK-R\" target=\"_blank\" rel=\"noopener\">#AltaVerapaz<\/a><\/p>\n<p style=\"text-align: justify;\">El d\u00eda de hoy La Sra. Gobernadora Departamental de Alta Verapaz. Licda. Angela Yelitza Alvarado Ten\u00ed, acompa\u00f1ada de la Directora Ejecutiva del <a href=\"https:\/\/www.facebook.com\/codede.av?__cft__[0]=AZVSP2t_RPoO5MsiT3gFpTXmgDL1su__w44K6RrXsRsCnkQV_dJUGeFHLD2Yz_q8cmNXasX9X3Le6WaKkrsJLJz_yxbtiexrUULk5f3RT58OGyWQ6dS3-YJ_KZ72z3Gk1aEtUzdFOEbjgpKDoEnv32ag2NnDXsA8kxAMiZwyB9GPGMHlkHjOHBfEelARp8GHkcQ&amp;__tn__=-]K-R\" target=\"_blank\" rel=\"noopener\">Codede AV<\/a>. Ing. Nict\u00e9 Herrera, Arquitecto Walter Mo, supervisor de obras CODEDE e Ing. Edwin Tut, DMP de la <a href=\"https:\/\/www.facebook.com\/MunicipalidadCahabonAV?__cft__[0]=AZVSP2t_RPoO5MsiT3gFpTXmgDL1su__w44K6RrXsRsCnkQV_dJUGeFHLD2Yz_q8cmNXasX9X3Le6WaKkrsJLJz_yxbtiexrUULk5f3RT58OGyWQ6dS3-YJ_KZ72z3Gk1aEtUzdFOEbjgpKDoEnv32ag2NnDXsA8kxAMiZwyB9GPGMHlkHjOHBfEelARp8GHkcQ&amp;__tn__=-]K-R\" target=\"_blank\" rel=\"noopener\">Municipalidad de Cahab\u00f3n<\/a>, realizaron la supervisi\u00f3n de los siguientes proyectos:<\/p>\n<ul>\n<li style=\"text-align: justify;\">Ampliaci\u00f3n Escuela Primaria del Caser\u00edo Sesaquiquib Chimox, Cahab\u00f3n, Alta Verapaz.<\/li>\n<li style=\"text-align: justify;\">Mejoramiento de la Escuela Primaria de la Aldea Tuil\u00e1, Cahab\u00f3n, Alta Verapaz.<\/li>\n<\/ul>\n<p><a href=\"https:\/\/www.facebook.com\/hashtag\/elgobdelosguatemaltecos?__eep__=6&amp;__cft__[0]=AZVSP2t_RPoO5MsiT3gFpTXmgDL1su__w44K6RrXsRsCnkQV_dJUGeFHLD2Yz_q8cmNXasX9X3Le6WaKkrsJLJz_yxbtiexrUULk5f3RT58OGyWQ6dS3-YJ_KZ72z3Gk1aEtUzdFOEbjgpKDoEnv32ag2NnDXsA8kxAMiZwyB9GPGMHlkHjOHBfEelARp8GHkcQ&amp;__tn__=*NK-R\" target=\"_blank\" rel=\"noopener\">#ElGobDeLosGuatemaltecos<\/a><br \/>\n<a href=\"https:\/\/www.facebook.com\/hashtag\/accionesquetransforman?__eep__=6&amp;__cft__[0]=AZVSP2t_RPoO5MsiT3gFpTXmgDL1su__w44K6RrXsRsCnkQV_dJUGeFHLD2Yz_q8cmNXasX9X3Le6WaKkrsJLJz_yxbtiexrUULk5f3RT58OGyWQ6dS3-YJ_KZ72z3Gk1aEtUzdFOEbjgpKDoEnv32ag2NnDXsA8kxAMiZwyB9GPGMHlkHjOHBfEelARp8GHkcQ&amp;__tn__=*NK-R\" target=\"_blank\" rel=\"noopener\">#AccionesQueTransforman<\/a><\/p>\n<div><\/div>\n","protected":false},"excerpt":{"rendered":"<p>#AltaVerapaz El d\u00eda de hoy La Sra. Gobernadora Departamental de Alta Verapaz. Licda. Angela Yelitza Alvarado Ten\u00ed, acompa\u00f1ada de la Directora Ejecutiva del Codede AV. Ing. Nict\u00e9 Herrera, Arquitecto Walter Mo, supervisor de obras CODEDE e Ing. Edwin Tut, DMP de la Municipalidad de Cahab\u00f3n, realizaron la supervisi\u00f3n de los siguientes proyectos: Ampliaci\u00f3n Escuela Primaria [&hellip;]<\/p>\n","protected":false},"author":1,"featured_media":16866,"comment_status":"closed","ping_status":"open","sticky":false,"template":"","format":"gallery","meta":[],"categories":[183,2,195],"tags":[178],"_links":{"self":[{"href":"https:\/\/gobernacionaltaverapaz.gob.gt\/index.php?rest_route=\/wp\/v2\/posts\/16862"}],"collection":[{"href":"https:\/\/gobernacionaltaverapaz.gob.gt\/index.php?rest_route=\/wp\/v2\/posts"}],"about":[{"href":"https:\/\/gobernacionaltaverapaz.gob.gt\/index.php?rest_route=\/wp\/v2\/types\/post"}],"author":[{"embeddable":true,"href":"https:\/\/gobernacionaltaverapaz.gob.gt\/index.php?rest_route=\/wp\/v2\/users\/1"}],"replies":[{"embeddable":true,"href":"https:\/\/gobernacionaltaverapaz.gob.gt\/index.php?rest_route=%2Fwp%2Fv2%2Fcomments&post=16862"}],"version-history":[{"count":2,"href":"https:\/\/gobernacionaltaverapaz.gob.gt\/index.php?rest_route=\/wp\/v2\/posts\/16862\/revisions"}],"predecessor-version":[{"id":16880,"href":"https:\/\/gobernacionaltaverapaz.gob.gt\/index.php?rest_route=\/wp\/v2\/posts\/16862\/revisions\/16880"}],"wp:featuredmedia":[{"embeddable":true,"href":"https:\/\/gobernacionaltaverapaz.gob.gt\/index.php?rest_route=\/wp\/v2\/media\/16866"}],"wp:attachment":[{"href":"https:\/\/gobernacionaltaverapaz.gob.gt\/index.php?rest_route=%2Fwp%2Fv2%2Fmedia&parent=16862"}],"wp:term":[{"taxonomy":"category","embeddable":true,"href":"https:\/\/gobernacionaltaverapaz.gob.gt\/index.php?rest_route=%2Fwp%2Fv2%2Fcategories&post=16862"},{"taxonomy":"post_tag","embeddable":true,"href":"https:\/\/gobernacionaltaverapaz.gob.gt\/index.php?rest_route=%2Fwp%2Fv2%2Ftags&post=16862"}],"curies":[{"name":"wp","href":"https:\/\/api.w.org\/{rel}","templated":true}]}}