{"id":16881,"date":"2023-09-05T13:00:08","date_gmt":"2023-09-05T19:00:08","guid":{"rendered":"https:\/\/gobernacionaltaverapaz.gob.gt\/?p=16881"},"modified":"2023-09-11T10:22:38","modified_gmt":"2023-09-11T16:22:38","slug":"entrega-de-alimentos-2023-en-el-cadi-762-0","status":"publish","type":"post","link":"https:\/\/gobernacionaltaverapaz.gob.gt\/?p=16881","title":{"rendered":"Entrega de alimentos 2023 en el CADI 762-0"},"content":{"rendered":"<p style=\"text-align: justify;\"><a href=\"https:\/\/www.facebook.com\/hashtag\/altaverapaz?__eep__=6&amp;__cft__[0]=AZUUqQuhVT1FEV2_wSL6jETgr4ZPZ_x2-Ju7-qKbQy9RTQblSZhe_MhcOrvZsIK83ALOC-t9Z-2Tn11UJnvNGfD68EwBGpsTC2nToA-pfAntqnPyDJjY_05OtiVU0HdQlocjXZazAN7-hMeQBJgj5zQWepHU05LuM6QoJIsvotP0nJvGVP2qutOenCQov8oEfYU&amp;__tn__=*NK-R\" target=\"_blank\" rel=\"noopener\">#AltaVerapaz<\/a><\/p>\n<p style=\"text-align: justify;\">El d\u00eda de hoy La Sra. Gobernadora Departamental de Alta Verapaz. Licda. Angela Yelitza Alvarado Ten\u00ed, particip\u00f3 en la 7ma. Entrega de alimentos 2023 en el CADI 762-0, de la <a href=\"https:\/\/www.facebook.com\/sosepguatemala?__cft__[0]=AZUUqQuhVT1FEV2_wSL6jETgr4ZPZ_x2-Ju7-qKbQy9RTQblSZhe_MhcOrvZsIK83ALOC-t9Z-2Tn11UJnvNGfD68EwBGpsTC2nToA-pfAntqnPyDJjY_05OtiVU0HdQlocjXZazAN7-hMeQBJgj5zQWepHU05LuM6QoJIsvotP0nJvGVP2qutOenCQov8oEfYU&amp;__tn__=-]K-R\" target=\"_blank\" rel=\"noopener\">Secretar\u00eda de Obras Sociales de la Esposa del Presidente<\/a>, ubicado en la zona 12 de Cob\u00e1n, Alta Verapaz, beneficiando a 40 hogares comunitarios.<\/p>\n<p><a href=\"https:\/\/www.facebook.com\/hashtag\/elgobdelosguatemaltecos?__eep__=6&amp;__cft__[0]=AZUUqQuhVT1FEV2_wSL6jETgr4ZPZ_x2-Ju7-qKbQy9RTQblSZhe_MhcOrvZsIK83ALOC-t9Z-2Tn11UJnvNGfD68EwBGpsTC2nToA-pfAntqnPyDJjY_05OtiVU0HdQlocjXZazAN7-hMeQBJgj5zQWepHU05LuM6QoJIsvotP0nJvGVP2qutOenCQov8oEfYU&amp;__tn__=*NK-R\" target=\"_blank\" rel=\"noopener\">#ElGobDeLosGuatemaltecos<\/a><\/p>\n<p><img decoding=\"async\" loading=\"lazy\" class=\"alignnone size-full wp-image-16886\" src=\"https:\/\/gobernacionaltaverapaz.gob.gt\/wp-content\/uploads\/2023\/09\/005-10.jpg\" alt=\"\" width=\"900\" height=\"628\" srcset=\"https:\/\/gobernacionaltaverapaz.gob.gt\/wp-content\/uploads\/2023\/09\/005-10.jpg 900w, https:\/\/gobernacionaltaverapaz.gob.gt\/wp-content\/uploads\/2023\/09\/005-10-300x209.jpg 300w, https:\/\/gobernacionaltaverapaz.gob.gt\/wp-content\/uploads\/2023\/09\/005-10-768x536.jpg 768w\" sizes=\"(max-width: 900px) 100vw, 900px\" \/> <img decoding=\"async\" loading=\"lazy\" class=\"alignnone size-full wp-image-16884\" src=\"https:\/\/gobernacionaltaverapaz.gob.gt\/wp-content\/uploads\/2023\/09\/003-12.jpg\" alt=\"\" width=\"900\" height=\"601\" srcset=\"https:\/\/gobernacionaltaverapaz.gob.gt\/wp-content\/uploads\/2023\/09\/003-12.jpg 900w, https:\/\/gobernacionaltaverapaz.gob.gt\/wp-content\/uploads\/2023\/09\/003-12-300x200.jpg 300w, https:\/\/gobernacionaltaverapaz.gob.gt\/wp-content\/uploads\/2023\/09\/003-12-768x513.jpg 768w\" sizes=\"(max-width: 900px) 100vw, 900px\" \/> <img decoding=\"async\" loading=\"lazy\" class=\"alignnone size-full wp-image-16885\" src=\"https:\/\/gobernacionaltaverapaz.gob.gt\/wp-content\/uploads\/2023\/09\/004-12.jpg\" alt=\"\" width=\"900\" height=\"602\" srcset=\"https:\/\/gobernacionaltaverapaz.gob.gt\/wp-content\/uploads\/2023\/09\/004-12.jpg 900w, https:\/\/gobernacionaltaverapaz.gob.gt\/wp-content\/uploads\/2023\/09\/004-12-300x201.jpg 300w, https:\/\/gobernacionaltaverapaz.gob.gt\/wp-content\/uploads\/2023\/09\/004-12-768x514.jpg 768w\" sizes=\"(max-width: 900px) 100vw, 900px\" \/><\/p>\n","protected":false},"excerpt":{"rendered":"<p>Beneficiando a 40 hogares comunitarios.<\/p>\n","protected":false},"author":1,"featured_media":16887,"comment_status":"closed","ping_status":"open","sticky":false,"template":"","format":"gallery","meta":[],"categories":[202],"tags":[178],"_links":{"self":[{"href":"https:\/\/gobernacionaltaverapaz.gob.gt\/index.php?rest_route=\/wp\/v2\/posts\/16881"}],"collection":[{"href":"https:\/\/gobernacionaltaverapaz.gob.gt\/index.php?rest_route=\/wp\/v2\/posts"}],"about":[{"href":"https:\/\/gobernacionaltaverapaz.gob.gt\/index.php?rest_route=\/wp\/v2\/types\/post"}],"author":[{"embeddable":true,"href":"https:\/\/gobernacionaltaverapaz.gob.gt\/index.php?rest_route=\/wp\/v2\/users\/1"}],"replies":[{"embeddable":true,"href":"https:\/\/gobernacionaltaverapaz.gob.gt\/index.php?rest_route=%2Fwp%2Fv2%2Fcomments&post=16881"}],"version-history":[{"count":1,"href":"https:\/\/gobernacionaltaverapaz.gob.gt\/index.php?rest_route=\/wp\/v2\/posts\/16881\/revisions"}],"predecessor-version":[{"id":16888,"href":"https:\/\/gobernacionaltaverapaz.gob.gt\/index.php?rest_route=\/wp\/v2\/posts\/16881\/revisions\/16888"}],"wp:featuredmedia":[{"embeddable":true,"href":"https:\/\/gobernacionaltaverapaz.gob.gt\/index.php?rest_route=\/wp\/v2\/media\/16887"}],"wp:attachment":[{"href":"https:\/\/gobernacionaltaverapaz.gob.gt\/index.php?rest_route=%2Fwp%2Fv2%2Fmedia&parent=16881"}],"wp:term":[{"taxonomy":"category","embeddable":true,"href":"https:\/\/gobernacionaltaverapaz.gob.gt\/index.php?rest_route=%2Fwp%2Fv2%2Fcategories&post=16881"},{"taxonomy":"post_tag","embeddable":true,"href":"https:\/\/gobernacionaltaverapaz.gob.gt\/index.php?rest_route=%2Fwp%2Fv2%2Ftags&post=16881"}],"curies":[{"name":"wp","href":"https:\/\/api.w.org\/{rel}","templated":true}]}}