{"id":16889,"date":"2023-09-05T15:02:37","date_gmt":"2023-09-05T21:02:37","guid":{"rendered":"https:\/\/gobernacionaltaverapaz.gob.gt\/?p=16889"},"modified":"2023-09-11T10:31:51","modified_gmt":"2023-09-11T16:31:51","slug":"reunion-con-el-comite-pro-festejos-patrios-2","status":"publish","type":"post","link":"https:\/\/gobernacionaltaverapaz.gob.gt\/?p=16889","title":{"rendered":"Reuni\u00f3n con el Comit\u00e9 Pro Festejos Patrios"},"content":{"rendered":"<p><a href=\"https:\/\/www.facebook.com\/hashtag\/altaverapaz?__eep__=6&amp;__cft__[0]=AZXZwQsVkq03tamnX-PDM1F0WQJ1eFAF3cfyDJDFh0K5alE3UuZlfX8lfMhJZCowpThGtKMh9wOspjky1RHMhMa_X-KAZ0r52biS9xiupVzen_rdzZAneayUt8IXkGsIiuj7yT7sTIHPVcke62S_pk0pyPdZxrBnWhfeZLT3f9QUDfmSw4XGa6moTRP6OjCCUsU&amp;__tn__=*NK-R\" target=\"_blank\" rel=\"noopener\">#AltaVerapaz<\/a><\/p>\n<p style=\"text-align: justify;\">El d\u00eda de hoy se llev\u00f3 a cabo reuni\u00f3n con el Comit\u00e9 Pro Festejos Patrios, con la finalidad de dar seguimiento a la organizaci\u00f3n de Actividades de Independencia.<\/p>\n<p><a href=\"https:\/\/www.facebook.com\/hashtag\/elgobdelosguatemaltecos?__eep__=6&amp;__cft__[0]=AZXZwQsVkq03tamnX-PDM1F0WQJ1eFAF3cfyDJDFh0K5alE3UuZlfX8lfMhJZCowpThGtKMh9wOspjky1RHMhMa_X-KAZ0r52biS9xiupVzen_rdzZAneayUt8IXkGsIiuj7yT7sTIHPVcke62S_pk0pyPdZxrBnWhfeZLT3f9QUDfmSw4XGa6moTRP6OjCCUsU&amp;__tn__=*NK-R\" target=\"_blank\" rel=\"noopener\">#ElGobDeLosGuatemaltecos<\/a><\/p>\n<div><\/div>\n","protected":false},"excerpt":{"rendered":"<p>#AltaVerapaz El d\u00eda de hoy se llev\u00f3 a cabo reuni\u00f3n con el Comit\u00e9 Pro Festejos Patrios, con la finalidad de dar seguimiento a la organizaci\u00f3n de Actividades de Independencia. #ElGobDeLosGuatemaltecos<\/p>\n","protected":false},"author":1,"featured_media":16890,"comment_status":"closed","ping_status":"open","sticky":false,"template":"","format":"gallery","meta":[],"categories":[183],"tags":[178],"_links":{"self":[{"href":"https:\/\/gobernacionaltaverapaz.gob.gt\/index.php?rest_route=\/wp\/v2\/posts\/16889"}],"collection":[{"href":"https:\/\/gobernacionaltaverapaz.gob.gt\/index.php?rest_route=\/wp\/v2\/posts"}],"about":[{"href":"https:\/\/gobernacionaltaverapaz.gob.gt\/index.php?rest_route=\/wp\/v2\/types\/post"}],"author":[{"embeddable":true,"href":"https:\/\/gobernacionaltaverapaz.gob.gt\/index.php?rest_route=\/wp\/v2\/users\/1"}],"replies":[{"embeddable":true,"href":"https:\/\/gobernacionaltaverapaz.gob.gt\/index.php?rest_route=%2Fwp%2Fv2%2Fcomments&post=16889"}],"version-history":[{"count":2,"href":"https:\/\/gobernacionaltaverapaz.gob.gt\/index.php?rest_route=\/wp\/v2\/posts\/16889\/revisions"}],"predecessor-version":[{"id":16896,"href":"https:\/\/gobernacionaltaverapaz.gob.gt\/index.php?rest_route=\/wp\/v2\/posts\/16889\/revisions\/16896"}],"wp:featuredmedia":[{"embeddable":true,"href":"https:\/\/gobernacionaltaverapaz.gob.gt\/index.php?rest_route=\/wp\/v2\/media\/16890"}],"wp:attachment":[{"href":"https:\/\/gobernacionaltaverapaz.gob.gt\/index.php?rest_route=%2Fwp%2Fv2%2Fmedia&parent=16889"}],"wp:term":[{"taxonomy":"category","embeddable":true,"href":"https:\/\/gobernacionaltaverapaz.gob.gt\/index.php?rest_route=%2Fwp%2Fv2%2Fcategories&post=16889"},{"taxonomy":"post_tag","embeddable":true,"href":"https:\/\/gobernacionaltaverapaz.gob.gt\/index.php?rest_route=%2Fwp%2Fv2%2Ftags&post=16889"}],"curies":[{"name":"wp","href":"https:\/\/api.w.org\/{rel}","templated":true}]}}