{"id":16897,"date":"2023-09-05T17:31:48","date_gmt":"2023-09-05T23:31:48","guid":{"rendered":"https:\/\/gobernacionaltaverapaz.gob.gt\/?p=16897"},"modified":"2023-09-11T10:47:56","modified_gmt":"2023-09-11T16:47:56","slug":"mesa-tecnica-de-recuperacion-caso-queja-san-cristobal-verapaz","status":"publish","type":"post","link":"https:\/\/gobernacionaltaverapaz.gob.gt\/?p=16897","title":{"rendered":"Mesa T\u00e9cnica de Recuperaci\u00f3n caso Quej\u00e1, San Crist\u00f3bal Verapaz"},"content":{"rendered":"<p><a href=\"https:\/\/www.facebook.com\/hashtag\/altaverapaz?__eep__=6&amp;__cft__[0]=AZUrwPmtAk2m7L4BqqhsVmGWvRTMjWvrw4unibcl5X6etIZ6NevEGcB3cOPH79GRptyIYeMFLRvPW7KNJsQDM_e0zx4yZJ9Bknh1UG2I4QQhqdAjfvnJsiiEz2KMGFwldP_fyjbE2R2LAIjIUlbaNkdGfb52P1-YUT6PDAm6loVW_zHbcU3jY9BTFofXj0PRjRw&amp;__tn__=*NK-R\" target=\"_blank\" rel=\"noopener\">#AltaVerapaz<\/a><\/p>\n<p style=\"text-align: justify;\">Con la finalidad de dar seguimiento a los procesos de recuperaci\u00f3n post Ciclones Tropicales ETA y IOTA. El d\u00eda de hoy se llev\u00f3 a cabo una Mesa T\u00e9cnica de Recuperaci\u00f3n caso Quej\u00e1, San Crist\u00f3bal Verapaz, contando con la presencia de la Sra. Gobernadora Departamental de Alta Verapaz. Licda. Angela Yelitza Alvarado Ten\u00ed, Viceministra de Desarrollo <a href=\"https:\/\/www.facebook.com\/civguate?__cft__[0]=AZUrwPmtAk2m7L4BqqhsVmGWvRTMjWvrw4unibcl5X6etIZ6NevEGcB3cOPH79GRptyIYeMFLRvPW7KNJsQDM_e0zx4yZJ9Bknh1UG2I4QQhqdAjfvnJsiiEz2KMGFwldP_fyjbE2R2LAIjIUlbaNkdGfb52P1-YUT6PDAm6loVW_zHbcU3jY9BTFofXj0PRjRw&amp;__tn__=-]K-R\" target=\"_blank\" rel=\"noopener\">CIV- Ministerio de Comunicaciones<\/a>, Alcalde de <a href=\"https:\/\/www.facebook.com\/MunicipalidadDeSanCristobalVerapaz?__cft__[0]=AZUrwPmtAk2m7L4BqqhsVmGWvRTMjWvrw4unibcl5X6etIZ6NevEGcB3cOPH79GRptyIYeMFLRvPW7KNJsQDM_e0zx4yZJ9Bknh1UG2I4QQhqdAjfvnJsiiEz2KMGFwldP_fyjbE2R2LAIjIUlbaNkdGfb52P1-YUT6PDAm6loVW_zHbcU3jY9BTFofXj0PRjRw&amp;__tn__=-]K-R\" target=\"_blank\" rel=\"noopener\">Municipalidad de San Crist\u00f3bal Verapaz, Administraci\u00f3n 2020 &#8211; 2024<\/a>\u00a0 representantes de <a href=\"https:\/\/www.facebook.com\/hashtag\/fopavi?__eep__=6&amp;__cft__[0]=AZUrwPmtAk2m7L4BqqhsVmGWvRTMjWvrw4unibcl5X6etIZ6NevEGcB3cOPH79GRptyIYeMFLRvPW7KNJsQDM_e0zx4yZJ9Bknh1UG2I4QQhqdAjfvnJsiiEz2KMGFwldP_fyjbE2R2LAIjIUlbaNkdGfb52P1-YUT6PDAm6loVW_zHbcU3jY9BTFofXj0PRjRw&amp;__tn__=*NK-R\" target=\"_blank\" rel=\"noopener\">#FOPAVI<\/a>, <a href=\"https:\/\/www.facebook.com\/conredgt?__cft__[0]=AZUrwPmtAk2m7L4BqqhsVmGWvRTMjWvrw4unibcl5X6etIZ6NevEGcB3cOPH79GRptyIYeMFLRvPW7KNJsQDM_e0zx4yZJ9Bknh1UG2I4QQhqdAjfvnJsiiEz2KMGFwldP_fyjbE2R2LAIjIUlbaNkdGfb52P1-YUT6PDAm6loVW_zHbcU3jY9BTFofXj0PRjRw&amp;__tn__=-]K-R\" target=\"_blank\" rel=\"noopener\">Conred<\/a>\u00a0 y <a href=\"https:\/\/www.facebook.com\/hashtag\/dideduc?__eep__=6&amp;__cft__[0]=AZUrwPmtAk2m7L4BqqhsVmGWvRTMjWvrw4unibcl5X6etIZ6NevEGcB3cOPH79GRptyIYeMFLRvPW7KNJsQDM_e0zx4yZJ9Bknh1UG2I4QQhqdAjfvnJsiiEz2KMGFwldP_fyjbE2R2LAIjIUlbaNkdGfb52P1-YUT6PDAm6loVW_zHbcU3jY9BTFofXj0PRjRw&amp;__tn__=*NK-R\" target=\"_blank\" rel=\"noopener\">#DIDEDUC<\/a>.<\/p>\n<p><a href=\"https:\/\/www.facebook.com\/hashtag\/elgobdelosguatemaltecos?__eep__=6&amp;__cft__[0]=AZUrwPmtAk2m7L4BqqhsVmGWvRTMjWvrw4unibcl5X6etIZ6NevEGcB3cOPH79GRptyIYeMFLRvPW7KNJsQDM_e0zx4yZJ9Bknh1UG2I4QQhqdAjfvnJsiiEz2KMGFwldP_fyjbE2R2LAIjIUlbaNkdGfb52P1-YUT6PDAm6loVW_zHbcU3jY9BTFofXj0PRjRw&amp;__tn__=*NK-R\" target=\"_blank\" rel=\"noopener\">#ElGobDeLosGuatemaltecos<\/a><\/p>\n<div><\/div>\n","protected":false},"excerpt":{"rendered":"<p>#AltaVerapaz Con la finalidad de dar seguimiento a los procesos de recuperaci\u00f3n post Ciclones Tropicales ETA y IOTA. El d\u00eda de hoy se llev\u00f3 a cabo una Mesa T\u00e9cnica de Recuperaci\u00f3n caso Quej\u00e1, San Crist\u00f3bal Verapaz, contando con la presencia de la Sra. Gobernadora Departamental de Alta Verapaz. Licda. Angela Yelitza Alvarado Ten\u00ed, Viceministra de [&hellip;]<\/p>\n","protected":false},"author":1,"featured_media":16898,"comment_status":"closed","ping_status":"open","sticky":false,"template":"","format":"gallery","meta":[],"categories":[183,197],"tags":[178],"_links":{"self":[{"href":"https:\/\/gobernacionaltaverapaz.gob.gt\/index.php?rest_route=\/wp\/v2\/posts\/16897"}],"collection":[{"href":"https:\/\/gobernacionaltaverapaz.gob.gt\/index.php?rest_route=\/wp\/v2\/posts"}],"about":[{"href":"https:\/\/gobernacionaltaverapaz.gob.gt\/index.php?rest_route=\/wp\/v2\/types\/post"}],"author":[{"embeddable":true,"href":"https:\/\/gobernacionaltaverapaz.gob.gt\/index.php?rest_route=\/wp\/v2\/users\/1"}],"replies":[{"embeddable":true,"href":"https:\/\/gobernacionaltaverapaz.gob.gt\/index.php?rest_route=%2Fwp%2Fv2%2Fcomments&post=16897"}],"version-history":[{"count":2,"href":"https:\/\/gobernacionaltaverapaz.gob.gt\/index.php?rest_route=\/wp\/v2\/posts\/16897\/revisions"}],"predecessor-version":[{"id":16911,"href":"https:\/\/gobernacionaltaverapaz.gob.gt\/index.php?rest_route=\/wp\/v2\/posts\/16897\/revisions\/16911"}],"wp:featuredmedia":[{"embeddable":true,"href":"https:\/\/gobernacionaltaverapaz.gob.gt\/index.php?rest_route=\/wp\/v2\/media\/16898"}],"wp:attachment":[{"href":"https:\/\/gobernacionaltaverapaz.gob.gt\/index.php?rest_route=%2Fwp%2Fv2%2Fmedia&parent=16897"}],"wp:term":[{"taxonomy":"category","embeddable":true,"href":"https:\/\/gobernacionaltaverapaz.gob.gt\/index.php?rest_route=%2Fwp%2Fv2%2Fcategories&post=16897"},{"taxonomy":"post_tag","embeddable":true,"href":"https:\/\/gobernacionaltaverapaz.gob.gt\/index.php?rest_route=%2Fwp%2Fv2%2Ftags&post=16897"}],"curies":[{"name":"wp","href":"https:\/\/api.w.org\/{rel}","templated":true}]}}