{"id":16912,"date":"2023-09-06T13:00:58","date_gmt":"2023-09-06T19:00:58","guid":{"rendered":"https:\/\/gobernacionaltaverapaz.gob.gt\/?p=16912"},"modified":"2023-09-11T11:02:32","modified_gmt":"2023-09-11T17:02:32","slug":"supervision-de-proyecto-mejoramiento-camino-rural","status":"publish","type":"post","link":"https:\/\/gobernacionaltaverapaz.gob.gt\/?p=16912","title":{"rendered":"Supervisi\u00f3n de proyecto: Mejoramiento Camino Rural"},"content":{"rendered":"<p style=\"text-align: justify;\"><a href=\"https:\/\/www.facebook.com\/hashtag\/altaverapaz?__eep__=6&amp;__cft__[0]=AZWChVcFc8KOZO4h4YuckBByIC4BOtwTCG3fm2qRGPdfJ3vcCoXT-1sDuGyQWAnbSsXbV69eEjUtjnuQOi4u8T6kWRz-pe9CJ3c8pOgD7Y9MWVHP-r0PiSEfWTDQouDrld1xLn2ZUXVADIFuoBppTctra4KJWfz6L_fMyA3F5Uj42C0sMjDZcN45-Zbqkmdv-rU&amp;__tn__=*NK-R\" target=\"_blank\" rel=\"noopener\">#AltaVerapaz<\/a><\/p>\n<p style=\"text-align: justify;\">La Se\u00f1ora Gobernadora Departamental de Alta Verapaz. Licda. Angela Yelitza Alvarado Ten\u00ed, acompa\u00f1ada de la Directora del <a href=\"https:\/\/www.facebook.com\/codede.av?__cft__[0]=AZWChVcFc8KOZO4h4YuckBByIC4BOtwTCG3fm2qRGPdfJ3vcCoXT-1sDuGyQWAnbSsXbV69eEjUtjnuQOi4u8T6kWRz-pe9CJ3c8pOgD7Y9MWVHP-r0PiSEfWTDQouDrld1xLn2ZUXVADIFuoBppTctra4KJWfz6L_fMyA3F5Uj42C0sMjDZcN45-Zbqkmdv-rU&amp;__tn__=-]K-R\" target=\"_blank\" rel=\"noopener\">Codede AV<\/a> Ing. Nicte Herrera y representante de la <a href=\"https:\/\/www.facebook.com\/municipalidadcarcha?__cft__[0]=AZWChVcFc8KOZO4h4YuckBByIC4BOtwTCG3fm2qRGPdfJ3vcCoXT-1sDuGyQWAnbSsXbV69eEjUtjnuQOi4u8T6kWRz-pe9CJ3c8pOgD7Y9MWVHP-r0PiSEfWTDQouDrld1xLn2ZUXVADIFuoBppTctra4KJWfz6L_fMyA3F5Uj42C0sMjDZcN45-Zbqkmdv-rU&amp;__tn__=-]K-R\" target=\"_blank\" rel=\"noopener\">Muni Carch\u00e1<\/a>, llevaron a cabo la supervisi\u00f3n del proyecto:<\/p>\n<ul style=\"text-align: justify;\">\n<li>Mejoramiento Camino Rural<\/li>\n<\/ul>\n<p style=\"text-align: justify;\">(Pavimento)\u00a0 Aldea Chajquej Chanyuc (Regi\u00f3n Chiqueleu), San Pedro Carch\u00e1, Alta Verapaz.<\/p>\n<p style=\"text-align: justify;\"><a href=\"https:\/\/www.facebook.com\/hashtag\/elgobdelosguatemaltecos?__eep__=6&amp;__cft__[0]=AZWChVcFc8KOZO4h4YuckBByIC4BOtwTCG3fm2qRGPdfJ3vcCoXT-1sDuGyQWAnbSsXbV69eEjUtjnuQOi4u8T6kWRz-pe9CJ3c8pOgD7Y9MWVHP-r0PiSEfWTDQouDrld1xLn2ZUXVADIFuoBppTctra4KJWfz6L_fMyA3F5Uj42C0sMjDZcN45-Zbqkmdv-rU&amp;__tn__=*NK-R\" target=\"_blank\" rel=\"noopener\">#ElGobDeLosGuatemaltecos<\/a><\/p>\n<div><\/div>\n","protected":false},"excerpt":{"rendered":"<p>#AltaVerapaz La Se\u00f1ora Gobernadora Departamental de Alta Verapaz. Licda. Angela Yelitza Alvarado Ten\u00ed, acompa\u00f1ada de la Directora del Codede AV Ing. Nicte Herrera y representante de la Muni Carch\u00e1, llevaron a cabo la supervisi\u00f3n del proyecto: Mejoramiento Camino Rural (Pavimento)\u00a0 Aldea Chajquej Chanyuc (Regi\u00f3n Chiqueleu), San Pedro Carch\u00e1, Alta Verapaz. #ElGobDeLosGuatemaltecos<\/p>\n","protected":false},"author":1,"featured_media":16914,"comment_status":"closed","ping_status":"open","sticky":false,"template":"","format":"gallery","meta":[],"categories":[4],"tags":[178],"_links":{"self":[{"href":"https:\/\/gobernacionaltaverapaz.gob.gt\/index.php?rest_route=\/wp\/v2\/posts\/16912"}],"collection":[{"href":"https:\/\/gobernacionaltaverapaz.gob.gt\/index.php?rest_route=\/wp\/v2\/posts"}],"about":[{"href":"https:\/\/gobernacionaltaverapaz.gob.gt\/index.php?rest_route=\/wp\/v2\/types\/post"}],"author":[{"embeddable":true,"href":"https:\/\/gobernacionaltaverapaz.gob.gt\/index.php?rest_route=\/wp\/v2\/users\/1"}],"replies":[{"embeddable":true,"href":"https:\/\/gobernacionaltaverapaz.gob.gt\/index.php?rest_route=%2Fwp%2Fv2%2Fcomments&post=16912"}],"version-history":[{"count":2,"href":"https:\/\/gobernacionaltaverapaz.gob.gt\/index.php?rest_route=\/wp\/v2\/posts\/16912\/revisions"}],"predecessor-version":[{"id":16921,"href":"https:\/\/gobernacionaltaverapaz.gob.gt\/index.php?rest_route=\/wp\/v2\/posts\/16912\/revisions\/16921"}],"wp:featuredmedia":[{"embeddable":true,"href":"https:\/\/gobernacionaltaverapaz.gob.gt\/index.php?rest_route=\/wp\/v2\/media\/16914"}],"wp:attachment":[{"href":"https:\/\/gobernacionaltaverapaz.gob.gt\/index.php?rest_route=%2Fwp%2Fv2%2Fmedia&parent=16912"}],"wp:term":[{"taxonomy":"category","embeddable":true,"href":"https:\/\/gobernacionaltaverapaz.gob.gt\/index.php?rest_route=%2Fwp%2Fv2%2Fcategories&post=16912"},{"taxonomy":"post_tag","embeddable":true,"href":"https:\/\/gobernacionaltaverapaz.gob.gt\/index.php?rest_route=%2Fwp%2Fv2%2Ftags&post=16912"}],"curies":[{"name":"wp","href":"https:\/\/api.w.org\/{rel}","templated":true}]}}