{"id":16922,"date":"2023-09-06T15:04:09","date_gmt":"2023-09-06T21:04:09","guid":{"rendered":"https:\/\/gobernacionaltaverapaz.gob.gt\/?p=16922"},"modified":"2023-09-11T11:23:38","modified_gmt":"2023-09-11T17:23:38","slug":"supervision-de-proyecto-construccion-sistema-de-alcantarillado-sanitario-y-pluvial-y-planta-de-tratamiento","status":"publish","type":"post","link":"https:\/\/gobernacionaltaverapaz.gob.gt\/?p=16922","title":{"rendered":"Supervisi\u00f3n de proyecto: Construcci\u00f3n Sistema de Alcantarillado Sanitario y Pluvial y Planta de Tratamiento"},"content":{"rendered":"<p style=\"text-align: justify;\"><a href=\"https:\/\/www.facebook.com\/hashtag\/altaverapaz?__eep__=6&amp;__cft__[0]=AZXEAxwRYfIPL8xJzThf8AbZjAjIO6u5ZV0y4X9K7-e-NsTVj031wTM-F7HSSlP0MhWbhTI8r9Sg_Pq3o5IDaJ7FV11V68yX8fYeXlBzPUM3U6NJSlK6BstpPyyJnQgnm--ZT7VBT7CqNaZY7DJ3bMOVkQKc29lfO12BUDE-yI9aCoqNn2yIJGFQuxtvT9SSQK8&amp;__tn__=*NK-R\" target=\"_blank\" rel=\"noopener\">#AltaVerapaz<\/a><\/p>\n<p style=\"text-align: justify;\">La Se\u00f1ora Gobernadora Departamental de Alta Verapaz. Licda. Angela Yelitza Alvarado Ten\u00ed, acompa\u00f1ada de la Directora del <a href=\"https:\/\/www.facebook.com\/codede.av?__cft__[0]=AZXEAxwRYfIPL8xJzThf8AbZjAjIO6u5ZV0y4X9K7-e-NsTVj031wTM-F7HSSlP0MhWbhTI8r9Sg_Pq3o5IDaJ7FV11V68yX8fYeXlBzPUM3U6NJSlK6BstpPyyJnQgnm--ZT7VBT7CqNaZY7DJ3bMOVkQKc29lfO12BUDE-yI9aCoqNn2yIJGFQuxtvT9SSQK8&amp;__tn__=-]K-R\" target=\"_blank\" rel=\"noopener\">Codede AV<\/a> Ing. Nicte Herrera y representante de la <a href=\"https:\/\/www.facebook.com\/municipalidadcarcha?__cft__[0]=AZXEAxwRYfIPL8xJzThf8AbZjAjIO6u5ZV0y4X9K7-e-NsTVj031wTM-F7HSSlP0MhWbhTI8r9Sg_Pq3o5IDaJ7FV11V68yX8fYeXlBzPUM3U6NJSlK6BstpPyyJnQgnm--ZT7VBT7CqNaZY7DJ3bMOVkQKc29lfO12BUDE-yI9aCoqNn2yIJGFQuxtvT9SSQK8&amp;__tn__=-]K-R\" target=\"_blank\" rel=\"noopener\">Muni Carch\u00e1<\/a>, llevaron a cabo la supervisi\u00f3n del proyecto:<\/p>\n<ul style=\"text-align: justify;\">\n<li>Construcci\u00f3n Sistema de Alcantarillado Sanitario y Pluvial y Planta de Tratamiento, Barrio Bella Vista, San Pedro Carch\u00e1, Alta Verapaz.<\/li>\n<\/ul>\n<p style=\"text-align: justify;\"><a href=\"https:\/\/www.facebook.com\/hashtag\/elgobdelosguatemaltecos?__eep__=6&amp;__cft__[0]=AZXEAxwRYfIPL8xJzThf8AbZjAjIO6u5ZV0y4X9K7-e-NsTVj031wTM-F7HSSlP0MhWbhTI8r9Sg_Pq3o5IDaJ7FV11V68yX8fYeXlBzPUM3U6NJSlK6BstpPyyJnQgnm--ZT7VBT7CqNaZY7DJ3bMOVkQKc29lfO12BUDE-yI9aCoqNn2yIJGFQuxtvT9SSQK8&amp;__tn__=*NK-R\" target=\"_blank\" rel=\"noopener\">#ElGobDeLosGuatemaltecos<\/a><\/p>\n<div><\/div>\n","protected":false},"excerpt":{"rendered":"<p>#AltaVerapaz La Se\u00f1ora Gobernadora Departamental de Alta Verapaz. Licda. Angela Yelitza Alvarado Ten\u00ed, acompa\u00f1ada de la Directora del Codede AV Ing. Nicte Herrera y representante de la Muni Carch\u00e1, llevaron a cabo la supervisi\u00f3n del proyecto: Construcci\u00f3n Sistema de Alcantarillado Sanitario y Pluvial y Planta de Tratamiento, Barrio Bella Vista, San Pedro Carch\u00e1, Alta Verapaz. [&hellip;]<\/p>\n","protected":false},"author":1,"featured_media":16938,"comment_status":"closed","ping_status":"open","sticky":false,"template":"","format":"gallery","meta":[],"categories":[174],"tags":[178],"_links":{"self":[{"href":"https:\/\/gobernacionaltaverapaz.gob.gt\/index.php?rest_route=\/wp\/v2\/posts\/16922"}],"collection":[{"href":"https:\/\/gobernacionaltaverapaz.gob.gt\/index.php?rest_route=\/wp\/v2\/posts"}],"about":[{"href":"https:\/\/gobernacionaltaverapaz.gob.gt\/index.php?rest_route=\/wp\/v2\/types\/post"}],"author":[{"embeddable":true,"href":"https:\/\/gobernacionaltaverapaz.gob.gt\/index.php?rest_route=\/wp\/v2\/users\/1"}],"replies":[{"embeddable":true,"href":"https:\/\/gobernacionaltaverapaz.gob.gt\/index.php?rest_route=%2Fwp%2Fv2%2Fcomments&post=16922"}],"version-history":[{"count":2,"href":"https:\/\/gobernacionaltaverapaz.gob.gt\/index.php?rest_route=\/wp\/v2\/posts\/16922\/revisions"}],"predecessor-version":[{"id":16941,"href":"https:\/\/gobernacionaltaverapaz.gob.gt\/index.php?rest_route=\/wp\/v2\/posts\/16922\/revisions\/16941"}],"wp:featuredmedia":[{"embeddable":true,"href":"https:\/\/gobernacionaltaverapaz.gob.gt\/index.php?rest_route=\/wp\/v2\/media\/16938"}],"wp:attachment":[{"href":"https:\/\/gobernacionaltaverapaz.gob.gt\/index.php?rest_route=%2Fwp%2Fv2%2Fmedia&parent=16922"}],"wp:term":[{"taxonomy":"category","embeddable":true,"href":"https:\/\/gobernacionaltaverapaz.gob.gt\/index.php?rest_route=%2Fwp%2Fv2%2Fcategories&post=16922"},{"taxonomy":"post_tag","embeddable":true,"href":"https:\/\/gobernacionaltaverapaz.gob.gt\/index.php?rest_route=%2Fwp%2Fv2%2Ftags&post=16922"}],"curies":[{"name":"wp","href":"https:\/\/api.w.org\/{rel}","templated":true}]}}