{"id":16942,"date":"2023-09-07T17:31:44","date_gmt":"2023-09-07T23:31:44","guid":{"rendered":"https:\/\/gobernacionaltaverapaz.gob.gt\/?p=16942"},"modified":"2023-09-11T11:43:44","modified_gmt":"2023-09-11T17:43:44","slug":"apertura-de-la-novena-delegacion-del-departamento-de-transito-de-la-pnc-de-coban-alta-verapaz","status":"publish","type":"post","link":"https:\/\/gobernacionaltaverapaz.gob.gt\/?p=16942","title":{"rendered":"Apertura de la Novena Delegaci\u00f3n del Departamento de Tr\u00e1nsito de la PNC de Cob\u00e1n, Alta Verapaz"},"content":{"rendered":"<p style=\"text-align: justify;\"><a href=\"https:\/\/www.facebook.com\/hashtag\/altaverapaz?__eep__=6&amp;__cft__[0]=AZW3r0rmCByrGxjaBpR8CdoT5nM6gPBjWMJG_1WEjl6DoQT6nIFygDM-T2gBABwteAuaWMCSslHqGF5CtzjbLRYnr6GjZsFWNa4YicB2NLc_PoZ2arows8Ob_dEdr7gLKzBeVh1466wb_UQ9SpuEjkZAabnnxd0i3xjkS9xBiPlmmwwasX5IHTXeoaivboan-uU&amp;__tn__=*NK-R\" target=\"_blank\" rel=\"noopener\">#AltaVerapaz<\/a><\/p>\n<p style=\"text-align: justify;\">El d\u00eda de hoy se llev\u00f3 a cabo la Apertura de la Novena Delegaci\u00f3n del Departamento de Tr\u00e1nsito de la PNC de Cob\u00e1n, Alta Verapaz, contando con la presencia de la Se\u00f1ora Gobernadora Departamental Licda. Angela Yelitza Alvarado Ten\u00ed, Ministro de Gobernaci\u00f3n, Primer Viceministro de Seguridad del <a href=\"https:\/\/www.facebook.com\/mingobguate?__cft__[0]=AZW3r0rmCByrGxjaBpR8CdoT5nM6gPBjWMJG_1WEjl6DoQT6nIFygDM-T2gBABwteAuaWMCSslHqGF5CtzjbLRYnr6GjZsFWNa4YicB2NLc_PoZ2arows8Ob_dEdr7gLKzBeVh1466wb_UQ9SpuEjkZAabnnxd0i3xjkS9xBiPlmmwwasX5IHTXeoaivboan-uU&amp;__tn__=-]K-R\" target=\"_blank\" rel=\"noopener\">Ministerio de Gobernaci\u00f3n Guatemala<\/a>, Alcalde de la <a href=\"https:\/\/www.facebook.com\/MiMuniCoban?__cft__[0]=AZW3r0rmCByrGxjaBpR8CdoT5nM6gPBjWMJG_1WEjl6DoQT6nIFygDM-T2gBABwteAuaWMCSslHqGF5CtzjbLRYnr6GjZsFWNa4YicB2NLc_PoZ2arows8Ob_dEdr7gLKzBeVh1466wb_UQ9SpuEjkZAabnnxd0i3xjkS9xBiPlmmwwasX5IHTXeoaivboan-uU&amp;__tn__=-]K-R\" target=\"_blank\" rel=\"noopener\">Municipalidad De Cob\u00e1n<\/a>, Director General adjunto de la PNC, Jefe del Departamento de Tr\u00e1nsito de la PNC y como invitado especial el Sr. <a href=\"https:\/\/www.facebook.com\/PoloSalazarAV?__cft__[0]=AZW3r0rmCByrGxjaBpR8CdoT5nM6gPBjWMJG_1WEjl6DoQT6nIFygDM-T2gBABwteAuaWMCSslHqGF5CtzjbLRYnr6GjZsFWNa4YicB2NLc_PoZ2arows8Ob_dEdr7gLKzBeVh1466wb_UQ9SpuEjkZAabnnxd0i3xjkS9xBiPlmmwwasX5IHTXeoaivboan-uU&amp;__tn__=-]K-R\" target=\"_blank\" rel=\"noopener\">Diputado Polo Salazar<\/a>.<\/p>\n<p style=\"text-align: justify;\"><a href=\"https:\/\/www.facebook.com\/hashtag\/elgobdelosguatemaltecos?__eep__=6&amp;__cft__[0]=AZW3r0rmCByrGxjaBpR8CdoT5nM6gPBjWMJG_1WEjl6DoQT6nIFygDM-T2gBABwteAuaWMCSslHqGF5CtzjbLRYnr6GjZsFWNa4YicB2NLc_PoZ2arows8Ob_dEdr7gLKzBeVh1466wb_UQ9SpuEjkZAabnnxd0i3xjkS9xBiPlmmwwasX5IHTXeoaivboan-uU&amp;__tn__=*NK-R\" target=\"_blank\" rel=\"noopener\">#ElGobDeLosGuatemaltecos<\/a><\/p>\n<div><\/div>\n","protected":false},"excerpt":{"rendered":"<p>#AltaVerapaz El d\u00eda de hoy se llev\u00f3 a cabo la Apertura de la Novena Delegaci\u00f3n del Departamento de Tr\u00e1nsito de la PNC de Cob\u00e1n, Alta Verapaz, contando con la presencia de la Se\u00f1ora Gobernadora Departamental Licda. Angela Yelitza Alvarado Ten\u00ed, Ministro de Gobernaci\u00f3n, Primer Viceministro de Seguridad del Ministerio de Gobernaci\u00f3n Guatemala, Alcalde de la [&hellip;]<\/p>\n","protected":false},"author":1,"featured_media":16944,"comment_status":"closed","ping_status":"open","sticky":false,"template":"","format":"gallery","meta":[],"categories":[197],"tags":[178],"_links":{"self":[{"href":"https:\/\/gobernacionaltaverapaz.gob.gt\/index.php?rest_route=\/wp\/v2\/posts\/16942"}],"collection":[{"href":"https:\/\/gobernacionaltaverapaz.gob.gt\/index.php?rest_route=\/wp\/v2\/posts"}],"about":[{"href":"https:\/\/gobernacionaltaverapaz.gob.gt\/index.php?rest_route=\/wp\/v2\/types\/post"}],"author":[{"embeddable":true,"href":"https:\/\/gobernacionaltaverapaz.gob.gt\/index.php?rest_route=\/wp\/v2\/users\/1"}],"replies":[{"embeddable":true,"href":"https:\/\/gobernacionaltaverapaz.gob.gt\/index.php?rest_route=%2Fwp%2Fv2%2Fcomments&post=16942"}],"version-history":[{"count":4,"href":"https:\/\/gobernacionaltaverapaz.gob.gt\/index.php?rest_route=\/wp\/v2\/posts\/16942\/revisions"}],"predecessor-version":[{"id":16960,"href":"https:\/\/gobernacionaltaverapaz.gob.gt\/index.php?rest_route=\/wp\/v2\/posts\/16942\/revisions\/16960"}],"wp:featuredmedia":[{"embeddable":true,"href":"https:\/\/gobernacionaltaverapaz.gob.gt\/index.php?rest_route=\/wp\/v2\/media\/16944"}],"wp:attachment":[{"href":"https:\/\/gobernacionaltaverapaz.gob.gt\/index.php?rest_route=%2Fwp%2Fv2%2Fmedia&parent=16942"}],"wp:term":[{"taxonomy":"category","embeddable":true,"href":"https:\/\/gobernacionaltaverapaz.gob.gt\/index.php?rest_route=%2Fwp%2Fv2%2Fcategories&post=16942"},{"taxonomy":"post_tag","embeddable":true,"href":"https:\/\/gobernacionaltaverapaz.gob.gt\/index.php?rest_route=%2Fwp%2Fv2%2Ftags&post=16942"}],"curies":[{"name":"wp","href":"https:\/\/api.w.org\/{rel}","templated":true}]}}